{"id":42467,"date":"2025-03-25T15:44:49","date_gmt":"2025-03-25T15:44:49","guid":{"rendered":"https:\/\/247stiri.ro\/index.php\/2025\/03\/25\/ora-de-vara-2025-cand-trece-romania-de-fapt-la-ora-de-vara-multi-nu-stiu-cum-se-modifica-ceasul\/"},"modified":"2025-03-25T15:44:49","modified_gmt":"2025-03-25T15:44:49","slug":"ora-de-vara-2025-cand-trece-romania-de-fapt-la-ora-de-vara-multi-nu-stiu-cum-se-modifica-ceasul","status":"publish","type":"post","link":"https:\/\/247stiri.ro\/index.php\/2025\/03\/25\/ora-de-vara-2025-cand-trece-romania-de-fapt-la-ora-de-vara-multi-nu-stiu-cum-se-modifica-ceasul\/","title":{"rendered":"Ora de var\u0103 2025. C\u00e2nd trece Rom\u00e2nia, de fapt, la ora de var\u0103. Mul\u021bi nu \u0219tiu cum se modific\u0103 ceasul"},"content":{"rendered":"<p>Rom\u00e2nia trece la ora de var\u0103 \u00een noaptea de s\u00e2mb\u0103t\u0103 29 martie spre duminic\u0103 30 martie. Mai precis, duminic\u0103 diminea\u021ba, ora 3:00 devine ora 4:00, ceea ce \u00eenseamn\u0103 c\u0103 din punct de vedere orar va fi cea mai scurt\u0103 zi din an.<\/p>\n<p>Trecerea de la ora de iarn\u0103 la ora de var\u0103 a fost intens dezb\u0103tut\u0103 \u00een ultimii ani, iar Parlamentul European a recomandat renun\u021barea la cele dou\u0103 scheme orare, invoc\u00e2nd faptul c\u0103 argumentele legate de economia de energie, \u00een baza c\u0103rora s-a lua decizia, la finalul anilor &#8217;70, nu mai sunt valabile \u00een prezent.<\/p>\n<p>Din 1997, se trece la ora de var\u0103 \u00eencep\u00e2nd cu ultima duminic\u0103 din luna martie p\u00e2n\u0103 \u00een ultima duminic\u0103 din luna octombrie. Un sondaj UE, la care au participat 4,6 milioane de persoane, arat\u0103 c\u0103 oamenii resimt disconfort fizic \u0219i mental din cauza schimb\u0103rii orei, arat\u0103 Rador.<\/p>","protected":false},"excerpt":{"rendered":"<p>Rom\u00e2nia trece la ora de var\u0103 \u00een noaptea de s\u00e2mb\u0103t\u0103 29 martie spre duminic\u0103 30&hellip;<\/p>\n","protected":false},"author":0,"featured_media":42468,"comment_status":"open","ping_status":"open","sticky":false,"template":"","format":"standard","meta":{"footnotes":""},"categories":[8],"tags":[],"class_list":["post-42467","post","type-post","status-publish","format-standard","has-post-thumbnail","hentry","category-lifestyle"],"_links":{"self":[{"href":"https:\/\/247stiri.ro\/index.php\/wp-json\/wp\/v2\/posts\/42467","targetHints":{"allow":["GET"]}}],"collection":[{"href":"https:\/\/247stiri.ro\/index.php\/wp-json\/wp\/v2\/posts"}],"about":[{"href":"https:\/\/247stiri.ro\/index.php\/wp-json\/wp\/v2\/types\/post"}],"replies":[{"embeddable":true,"href":"https:\/\/247stiri.ro\/index.php\/wp-json\/wp\/v2\/comments?post=42467"}],"version-history":[{"count":0,"href":"https:\/\/247stiri.ro\/index.php\/wp-json\/wp\/v2\/posts\/42467\/revisions"}],"wp:featuredmedia":[{"embeddable":true,"href":"https:\/\/247stiri.ro\/index.php\/wp-json\/wp\/v2\/media\/42468"}],"wp:attachment":[{"href":"https:\/\/247stiri.ro\/index.php\/wp-json\/wp\/v2\/media?parent=42467"}],"wp:term":[{"taxonomy":"category","embeddable":true,"href":"https:\/\/247stiri.ro\/index.php\/wp-json\/wp\/v2\/categories?post=42467"},{"taxonomy":"post_tag","embeddable":true,"href":"https:\/\/247stiri.ro\/index.php\/wp-json\/wp\/v2\/tags?post=42467"}],"curies":[{"name":"wp","href":"https:\/\/api.w.org\/{rel}","templated":true}]}}