{"id":42478,"date":"2025-03-25T15:44:55","date_gmt":"2025-03-25T15:44:55","guid":{"rendered":"https:\/\/247stiri.ro\/index.php\/2025\/03\/25\/clanul-carpaci-lanseaza-amenintari-dupa-crima-petrecuta-la-o-nunta-din-germania-200-de-oameni-au-fost-martori-ai-tragediei\/"},"modified":"2025-03-25T15:44:55","modified_gmt":"2025-03-25T15:44:55","slug":"clanul-carpaci-lanseaza-amenintari-dupa-crima-petrecuta-la-o-nunta-din-germania-200-de-oameni-au-fost-martori-ai-tragediei","status":"publish","type":"post","link":"https:\/\/247stiri.ro\/index.php\/2025\/03\/25\/clanul-carpaci-lanseaza-amenintari-dupa-crima-petrecuta-la-o-nunta-din-germania-200-de-oameni-au-fost-martori-ai-tragediei\/","title":{"rendered":"Clanul C\u00e2rpaci lanseaz\u0103 amenin\u021b\u0103ri dup\u0103 crima petrecut\u0103 la o nunt\u0103 din Germania. 200 de oameni au fost martori ai tragediei"},"content":{"rendered":"<p>Agresorul, un rom\u00e2n din Lugoj stabilit \u00een Fran\u021ba, a tras toate gloan\u021bele din \u00eenc\u0103rc\u0103tor asupra victimei, apoi a fugit. Dup\u0103 c\u00e2teva ore, s-a predat autorit\u0103\u021bilor franceze.<\/p>\n<p>Atac s\u00e2ngeros la o nunt\u0103<\/p>\n<p><a href=\"https:\/\/www.realitatea.net\/stiri\/actual\/val-de-perchezitii-domiciliare-dupa-conflictul-din-urziceni-intre-doua-clanuri-interlope-2-morti-si-3-raniti_67a9996e05df914f305ee5b2\" target=\"_blank\">Incidentul a avut loc<\/a> \u00een fa\u021ba a peste 200 de invita\u021bi, care au asistat la atacul brutal. Conform informa\u021biilor preliminare oferite de poli\u021bia din Nurnberg, conflictul ar fi pornit de la o disput\u0103 legat\u0103 de o femeie. Agresorul a sosit la nunt\u0103 cu un autoturism, a cobor\u00e2t, a scos un pistol \u0219i a tras asupra victimei, dup\u0103 care a fugit \u00eenapoi \u00een Fran\u021ba.<\/p>\n<p>Autorit\u0103\u021bile germane au intervenit rapid, trimi\u021b\u00e2nd mai multe echipaje de poli\u021bie \u0219i un elicopter pentru supravegherea zonei. Victima, un b\u0103rbat de 47 de ani, a fost transportat\u0103 de urgen\u021b\u0103 la spital, \u00eens\u0103 medicii nu au reu\u0219it s\u0103-i salveze via\u021ba.<\/p>\n<p>Amenin\u021b\u0103ri online \u00eentre clanuri<\/p>\n<p><a href=\"https:\/\/www.realitatea.net\/stiri\/actual\/magistratii-din-bucuresti-au-preluat-dosarul-penal-al-bataii-intre-clanurile-din-urziceni-unde-doi-oameni-au-murit_67a8744e99f71f6a2b712e93\" target=\"_blank\">Dup\u0103 tragedie<\/a>, tensiunile dintre clanuri s-au amplificat \u00een mediul online, unde membrii clanului C\u00e2rpaci au \u00eenceput s\u0103 lanseze amenin\u021b\u0103ri de r\u0103zbunare. De cealalt\u0103 parte, familia agresorului se preg\u0103te\u0219te pentru eventuale represalii.<\/p>\n<p>\u00centre timp, autorit\u0103\u021bile germane au demarat procedurile pentru aducerea agresorului \u00een Germania, unde urmeaz\u0103 s\u0103 fie judecat pentru faptele sale. Ancheta este \u00een desf\u0103\u0219urare, iar poli\u021bia monitorizeaz\u0103 situa\u021bia \u00eendeaproape pentru a preveni escaladarea conflictului \u00eentre clanuri.<\/p>\n<p>\u00a0<\/p>","protected":false},"excerpt":{"rendered":"<p>Agresorul, un rom\u00e2n din Lugoj stabilit \u00een Fran\u021ba, a tras toate gloan\u021bele din \u00eenc\u0103rc\u0103tor asupra&hellip;<\/p>\n","protected":false},"author":0,"featured_media":42479,"comment_status":"open","ping_status":"open","sticky":false,"template":"","format":"standard","meta":{"footnotes":""},"categories":[2],"tags":[],"class_list":["post-42478","post","type-post","status-publish","format-standard","has-post-thumbnail","hentry","category-actual"],"_links":{"self":[{"href":"https:\/\/247stiri.ro\/index.php\/wp-json\/wp\/v2\/posts\/42478","targetHints":{"allow":["GET"]}}],"collection":[{"href":"https:\/\/247stiri.ro\/index.php\/wp-json\/wp\/v2\/posts"}],"about":[{"href":"https:\/\/247stiri.ro\/index.php\/wp-json\/wp\/v2\/types\/post"}],"replies":[{"embeddable":true,"href":"https:\/\/247stiri.ro\/index.php\/wp-json\/wp\/v2\/comments?post=42478"}],"version-history":[{"count":0,"href":"https:\/\/247stiri.ro\/index.php\/wp-json\/wp\/v2\/posts\/42478\/revisions"}],"wp:featuredmedia":[{"embeddable":true,"href":"https:\/\/247stiri.ro\/index.php\/wp-json\/wp\/v2\/media\/42479"}],"wp:attachment":[{"href":"https:\/\/247stiri.ro\/index.php\/wp-json\/wp\/v2\/media?parent=42478"}],"wp:term":[{"taxonomy":"category","embeddable":true,"href":"https:\/\/247stiri.ro\/index.php\/wp-json\/wp\/v2\/categories?post=42478"},{"taxonomy":"post_tag","embeddable":true,"href":"https:\/\/247stiri.ro\/index.php\/wp-json\/wp\/v2\/tags?post=42478"}],"curies":[{"name":"wp","href":"https:\/\/api.w.org\/{rel}","templated":true}]}}