{"id":42488,"date":"2025-03-25T16:44:47","date_gmt":"2025-03-25T16:44:47","guid":{"rendered":"https:\/\/247stiri.ro\/index.php\/2025\/03\/25\/luminita-anghel-declaratii-emotionante-despre-relatia-cu-fiul-adoptiv-avea-reactii-violente-se-automutila-video\/"},"modified":"2025-03-25T16:44:47","modified_gmt":"2025-03-25T16:44:47","slug":"luminita-anghel-declaratii-emotionante-despre-relatia-cu-fiul-adoptiv-avea-reactii-violente-se-automutila-video","status":"publish","type":"post","link":"https:\/\/247stiri.ro\/index.php\/2025\/03\/25\/luminita-anghel-declaratii-emotionante-despre-relatia-cu-fiul-adoptiv-avea-reactii-violente-se-automutila-video\/","title":{"rendered":"Lumini\u021ba Anghel, declara\u021bii emo\u021bionante despre rela\u021bia cu fiul adoptiv: \u201eAvea reac\u021bii violente, se automutila\u201d &#8211; VIDEO"},"content":{"rendered":"<p>Problemele au ap\u0103rut \u00eenc\u0103 din copil\u0103rie<\/p>\n<p><a href=\"https:\/\/www.realitatea.net\/stiri\/ultimele-stiri\/luminita-anghel--decisa-sa-paraseasca-romania_5dcc921c406af85273d2a4eb\" target=\"_blank\">Lumini\u021ba Anghel<\/a> a m\u0103rturisit c\u0103 dificult\u0103\u021bile \u00een rela\u021bia cu David au \u00eenceput \u00eenc\u0103 din clasele primare, acesta manifest\u00e2nd un comportament agresiv \u0219i greu de gestionat. De-a lungul timpului, David Pu\u0219ca\u0219 a f\u0103cut publice mai multe acuza\u021bii la adresa mamei sale adoptive, sus\u021bin\u00e2nd c\u0103 aceasta ar fi fost dur\u0103 cu el \u0219i c\u0103 l-ar fi l\u0103sat s\u0103 fie agresat de actualul ei so\u021b. \u00cen replic\u0103, artista a explicat c\u0103 a fost o mam\u0103 iubitoare, \u00eens\u0103 comportamentul deviant al b\u0103iatului a pus \u00een pericol siguran\u021ba familiei.<\/p>\n<p>\u201eProblemele au \u00eenceput din clasa a V-a. Am fost o mam\u0103 normal\u0103, care \u0219i-a iubit \u0219i \u00eengrijit copilul, dar situa\u021bia a sc\u0103pat de sub control. El devenise violent, \u00eemi era team\u0103 s\u0103-l las singur cu fiul meu biologic, Filip. Mi-a fost fric\u0103 s\u0103 nu \u00eei fac\u0103 r\u0103u\u201d, a declarat Lumini\u021ba Anghel.<\/p>\n<p>C\u00e2nt\u0103rea\u021ba a relatat c\u0103 David manifesta episoade de furie necontrolat\u0103, \u00een care se automutila \u0219i provoca distrugeri \u00een cas\u0103. Unul dintre cele mai grave momente a fost atunci c\u00e2nd a aruncat o sticl\u0103 de parfum c\u0103tre scoica \u00een care se afla bebelu\u0219ul Filip.<\/p>\n<p>\u201eSe lovea cu capul de podea, sp\u0103rgea lucruri, avea reac\u021bii imprevizibile. C\u00e2nd a aruncat sticla de parfum spre Filip, aceasta s-a f\u0103cut \u021b\u0103nd\u0103ri. Din fericire, copilul nu a fost r\u0103nit\u201d, a povestit artista cu emo\u021bie.<\/p>\n<p>O rela\u021bie tensionat\u0103 \u0219i cu Maria<\/p>\n<p>Nu doar Filip a fost afectat de comportamentul lui David, ci \u0219i Maria, feti\u021ba pe care Lumini\u021ba Anghel a luat-o dintr-un orfelinat cu inten\u021bia de a o adopta. Artista a povestit c\u0103 David o trata cu cruzime pe micu\u021b\u0103, jignind-o \u0219i lovind-o.<\/p>\n<p>\u201eO b\u0103tea peste obraji, o insulta, \u00eei spunea c\u0103 o omoar\u0103 dac\u0103 \u00eemi poveste\u0219te ce se \u00eent\u00e2mpl\u0103. Maria pl\u00e2ngea \u0219i \u00eendura \u00een t\u0103cere\u201d, a relatat artista.<\/p>\n<p>\u00cen cele din urm\u0103, mama biologic\u0103 a Mariei a cerut s\u0103 \u00ee\u0219i ia fiica \u00eenapoi, iar <a href=\"https:\/\/www.realitatea.net\/stiri\/ultimele-stiri\/luminita-anghel-facuta-praf-de-mama-naturala-a-fetitei-pe-care-a-vrut-sa-o-adopte_5dcc91e8406af85273cee000\" target=\"_blank\">Lumini\u021ba Anghel<\/a> a fost nevoit\u0103 s\u0103 accepte aceast\u0103 decizie, \u00een ciuda suferin\u021bei provocate de desp\u0103r\u021bire.<\/p>\n<p>O lec\u021bie dureroas\u0103 despre adop\u021bie<\/p>\n<p>Lumini\u021ba Anghel a recunoscut c\u0103 experien\u021bele tr\u0103ite au marcat-o profund \u0219i c\u0103 a decis s\u0103 vorbeasc\u0103 acum pentru prima dat\u0103 despre aceast\u0103 parte dificil\u0103 a vie\u021bii sale. Cu toate acestea, ea a subliniat c\u0103 fiecare familie care \u00ee\u0219i dore\u0219te s\u0103 adopte trebuie s\u0103 \u00ee\u0219i urmeze drumul f\u0103r\u0103 a se l\u0103sa influen\u021bat\u0103 de povestea ei.<\/p>\n<p>\u201eNu vreau ca experien\u021ba mea s\u0103 fie un exemplu negativ pentru al\u021bi p\u0103rin\u021bi care vor s\u0103 adopte. Fiecare caz este diferit, fiecare copil are propriul destin. Eu am tras lozul gre\u0219it, dar asta nu \u00eenseamn\u0103 c\u0103 to\u021bi vor avea aceea\u0219i experien\u021b\u0103\u201d, a \u00eencheiat artista, vizibil emo\u021bionat\u0103.<\/p>\n<p>M\u0103rturisirile Lumini\u021bei Anghel aduc \u00een prim-plan provoc\u0103rile pe care le pot \u00eent\u00e2mpina p\u0103rin\u021bii adoptivi \u0219i subliniaz\u0103 importan\u021ba sprijinului emo\u021bional \u0219i psihologic at\u00e2t pentru copii, c\u00e2t \u0219i pentru p\u0103rin\u021bi, \u00een procesul complex al adop\u021biei.<\/p>","protected":false},"excerpt":{"rendered":"<p>Problemele au ap\u0103rut \u00eenc\u0103 din copil\u0103rie Lumini\u021ba Anghel a m\u0103rturisit c\u0103 dificult\u0103\u021bile \u00een rela\u021bia cu&hellip;<\/p>\n","protected":false},"author":0,"featured_media":42489,"comment_status":"open","ping_status":"open","sticky":false,"template":"","format":"standard","meta":{"footnotes":""},"categories":[8],"tags":[],"class_list":["post-42488","post","type-post","status-publish","format-standard","has-post-thumbnail","hentry","category-lifestyle"],"_links":{"self":[{"href":"https:\/\/247stiri.ro\/index.php\/wp-json\/wp\/v2\/posts\/42488","targetHints":{"allow":["GET"]}}],"collection":[{"href":"https:\/\/247stiri.ro\/index.php\/wp-json\/wp\/v2\/posts"}],"about":[{"href":"https:\/\/247stiri.ro\/index.php\/wp-json\/wp\/v2\/types\/post"}],"replies":[{"embeddable":true,"href":"https:\/\/247stiri.ro\/index.php\/wp-json\/wp\/v2\/comments?post=42488"}],"version-history":[{"count":0,"href":"https:\/\/247stiri.ro\/index.php\/wp-json\/wp\/v2\/posts\/42488\/revisions"}],"wp:featuredmedia":[{"embeddable":true,"href":"https:\/\/247stiri.ro\/index.php\/wp-json\/wp\/v2\/media\/42489"}],"wp:attachment":[{"href":"https:\/\/247stiri.ro\/index.php\/wp-json\/wp\/v2\/media?parent=42488"}],"wp:term":[{"taxonomy":"category","embeddable":true,"href":"https:\/\/247stiri.ro\/index.php\/wp-json\/wp\/v2\/categories?post=42488"},{"taxonomy":"post_tag","embeddable":true,"href":"https:\/\/247stiri.ro\/index.php\/wp-json\/wp\/v2\/tags?post=42488"}],"curies":[{"name":"wp","href":"https:\/\/api.w.org\/{rel}","templated":true}]}}