{"id":42494,"date":"2025-03-25T16:44:50","date_gmt":"2025-03-25T16:44:50","guid":{"rendered":"https:\/\/247stiri.ro\/index.php\/2025\/03\/25\/sfarsit-cumplit-pentru-o-romanca-de-40-de-ani-si-fiica-sa-de-8-ani-au-fost-gasite-moarte-in-propria-casa\/"},"modified":"2025-03-25T16:44:50","modified_gmt":"2025-03-25T16:44:50","slug":"sfarsit-cumplit-pentru-o-romanca-de-40-de-ani-si-fiica-sa-de-8-ani-au-fost-gasite-moarte-in-propria-casa","status":"publish","type":"post","link":"https:\/\/247stiri.ro\/index.php\/2025\/03\/25\/sfarsit-cumplit-pentru-o-romanca-de-40-de-ani-si-fiica-sa-de-8-ani-au-fost-gasite-moarte-in-propria-casa\/","title":{"rendered":"Sf\u00e2r\u0219it cumplit pentru o rom\u00e2nc\u0103 de 40 de ani \u0219i fiica sa de 8 ani. Au fost g\u0103site moarte \u00een propria cas\u0103"},"content":{"rendered":"<p>Descoperirea \u0219ocant\u0103 a avut loc \u00een diminea\u021ba zilei de 22 martie 2025, iar poli\u021bia a intervenit de urgen\u021b\u0103, constat\u00e2nd decesul celor dou\u0103 victime.<\/p>\n<p>Principalul suspect: fostul partener al victimei<\/p>\n<p><a href=\"https:\/\/www.realitatea.net\/stiri\/actual\/clanul-carpaci-lanseaza-amenintari-dupa-crima-de-la-o-nunta-din-germania-200-de-oameni-au-fost-martori_67e2c987567b7227fa14a312\" target=\"_blank\">Anchetatorii au re\u021binut<\/a> imediat un b\u0103rbat de 35 de ani, fostul partener al femeii, tot cet\u0103\u021bean rom\u00e2n, pe care \u00eel consider\u0103 principalul suspect al dublei crime. Poli\u021bia elve\u021bian\u0103 a precizat c\u0103 investiga\u021bia se afl\u0103 \u00een desf\u0103\u0219urare, iar anchetatorii analizeaz\u0103 at\u00e2t scena tragediei, c\u00e2t \u0219i istoricul rela\u021biei dintre femeie \u0219i fostul s\u0103u partener.<\/p>\n<p>O vecin\u0103 a victimei, care lucrase al\u0103turi de ea timp de cinci ani, a declarat c\u0103 \u00eentreaga comunitate este \u00een stare de \u0219oc. Aceasta a povestit c\u0103, \u00een seara dinaintea tragediei, l-a observat pe fostul partener al femeii pe balconul apartamentului. De asemenea, vecina a men\u021bionat c\u0103 b\u0103rbatul obi\u0219nuia s\u0103 \u00ee\u0219i viziteze fosta partener\u0103 \u00een fiecare weekend, \u00eens\u0103 \u00een ultimele s\u0103pt\u0103m\u00e2ni vizitele \u00eencetaser\u0103, ceea ce ar putea indica o posibil\u0103 separare.<\/p>\n<p>Tat\u0103l biologic al feti\u021bei a aflat despre tragedie abia duminic\u0103, prin intermediul unei cuno\u0219tin\u021be. Acesta a m\u0103rturisit c\u0103 a a\u0219teptat diminea\u021ba telefonul obi\u0219nuit de la fiica sa, \u00eens\u0103 apelul nu a mai venit. \u00cen plus, el \u00eel suspecteaz\u0103 pe fostul partener al femeii, despre care copilul \u00eei spusese c\u0103 venea frecvent \u00een vizit\u0103.<\/p>\n<p>Un alt detaliu tulbur\u0103tor este faptul c\u0103 fostul so\u021b al victimei a declarat c\u0103 vineri a avut ultimul contact cu aceasta, \u00eens\u0103, ulterior, femeia i-a blocat num\u0103rul de telefon.<\/p>\n<p>Ancheta continu\u0103<\/p>\n<p>Rom\u00e2nca locuia \u00een Elve\u021bia de mai mul\u021bi ani, unde fusese c\u0103s\u0103torit\u0103 cu un b\u0103rbat elve\u021bian mai \u00een v\u00e2rst\u0103. Ulterior, a avut o rela\u021bie cu tat\u0103l biologic al feti\u021bei.<\/p>\n<p>\u00centre timp, o alt\u0103 vecin\u0103, care \u00eel cuno\u0219tea pe suspect, a declarat c\u0103 \u00eei este greu s\u0103 cread\u0103 c\u0103 acesta ar fi autorul faptei. Potrivit acesteia, b\u0103rbatul locuia de peste doi ani \u00eentr-un alt imobil, \u00eempreun\u0103 cu un coleg de apartament, \u0219i nu fusese v\u0103zut niciodat\u0103 al\u0103turi de victim\u0103 \u00een acea zon\u0103.<\/p>\n<p><a href=\"https:\/\/www.realitatea.net\/stiri\/actual\/crima-socanta-in-judetul-covasna-un-barbat-a-fost-ucis-de-propriul-fiu-pentru-ca-ia-cerut-un-pahar-de-vin_67ddd507828405036f680032\" target=\"_blank\">La locul crimei<\/a> au fost mobiliza\u021bi speciali\u0219ti criminali\u0219ti, exper\u021bi de la Institutul de Medicin\u0103 Legal\u0103 al Universit\u0103\u021bii din Z\u00fcrich \u0219i tehnicieni ai Institutului de Criminalistic\u0103 Z\u00fcrich. Autopsiile urmeaz\u0103 s\u0103 stabileasc\u0103 cauzele exacte ale decesului, iar anchetatorii continu\u0103 cercet\u0103rile pentru a elucida circumstan\u021bele tragicului eveniment.<\/p>","protected":false},"excerpt":{"rendered":"<p>Descoperirea \u0219ocant\u0103 a avut loc \u00een diminea\u021ba zilei de 22 martie 2025, iar poli\u021bia a&hellip;<\/p>\n","protected":false},"author":0,"featured_media":42495,"comment_status":"open","ping_status":"open","sticky":false,"template":"","format":"standard","meta":{"footnotes":""},"categories":[4],"tags":[],"class_list":["post-42494","post","type-post","status-publish","format-standard","has-post-thumbnail","hentry","category-extern"],"_links":{"self":[{"href":"https:\/\/247stiri.ro\/index.php\/wp-json\/wp\/v2\/posts\/42494","targetHints":{"allow":["GET"]}}],"collection":[{"href":"https:\/\/247stiri.ro\/index.php\/wp-json\/wp\/v2\/posts"}],"about":[{"href":"https:\/\/247stiri.ro\/index.php\/wp-json\/wp\/v2\/types\/post"}],"replies":[{"embeddable":true,"href":"https:\/\/247stiri.ro\/index.php\/wp-json\/wp\/v2\/comments?post=42494"}],"version-history":[{"count":0,"href":"https:\/\/247stiri.ro\/index.php\/wp-json\/wp\/v2\/posts\/42494\/revisions"}],"wp:featuredmedia":[{"embeddable":true,"href":"https:\/\/247stiri.ro\/index.php\/wp-json\/wp\/v2\/media\/42495"}],"wp:attachment":[{"href":"https:\/\/247stiri.ro\/index.php\/wp-json\/wp\/v2\/media?parent=42494"}],"wp:term":[{"taxonomy":"category","embeddable":true,"href":"https:\/\/247stiri.ro\/index.php\/wp-json\/wp\/v2\/categories?post=42494"},{"taxonomy":"post_tag","embeddable":true,"href":"https:\/\/247stiri.ro\/index.php\/wp-json\/wp\/v2\/tags?post=42494"}],"curies":[{"name":"wp","href":"https:\/\/api.w.org\/{rel}","templated":true}]}}