{"id":42500,"date":"2025-03-25T16:44:53","date_gmt":"2025-03-25T16:44:53","guid":{"rendered":"https:\/\/247stiri.ro\/index.php\/2025\/03\/25\/mihai-are-16-ani-si-este-dat-disparut-de-4-luni-politia-face-apel-catre-populatie\/"},"modified":"2025-03-25T16:44:53","modified_gmt":"2025-03-25T16:44:53","slug":"mihai-are-16-ani-si-este-dat-disparut-de-4-luni-politia-face-apel-catre-populatie","status":"publish","type":"post","link":"https:\/\/247stiri.ro\/index.php\/2025\/03\/25\/mihai-are-16-ani-si-este-dat-disparut-de-4-luni-politia-face-apel-catre-populatie\/","title":{"rendered":"Mihai are 16 ani \u0219i este dat disp\u0103rut de 4 luni. Poli\u021bia face apel c\u0103tre popula\u021bie"},"content":{"rendered":"<p>Ultima loca\u021bie cunoscut\u0103: municipiul Bra\u0219ov<\/p>\n<p><a href=\"https:\/\/www.realitatea.net\/stiri\/extern\/disparitia-controversata-a-unui-fotomodel-de-20-de-ani-maria-a-fost-gasita-dupa-8-zile-la-marginea-unui-drum-in-conditii-greu-de-imaginat_67e179e9d6d01074a523f0b7\" target=\"_blank\">Potrivit anchetatorilor,<\/a> t\u00e2n\u0103rul a fost v\u0103zut ultima dat\u0103 \u00een jude\u021bul Bra\u0219ov, \u00een urm\u0103 cu aproximativ o lun\u0103. De atunci, familia a pierdut orice contact cu el, iar \u00een ultimele zile nu a mai putut fi g\u0103sit.<\/p>\n<p>Inspectoratul de Poli\u021bie Jude\u021bean D\u00e2mbovi\u021ba a transmis mar\u021bi un comunicat oficial \u00een care sunt prezentate detalii despre dispari\u021bia adolescentului. Conform informa\u021biilor oferite de autorit\u0103\u021bi, tat\u0103l b\u0103iatului a sesizat poli\u021bia pe 2 decembrie 2024, la dou\u0103 zile dup\u0103 ce fiul s\u0103u, Ristea Constantin Mihai, a p\u0103r\u0103sit locuin\u021ba din comuna Produle\u0219ti.<\/p>\n<p>Semnalmentele t\u00e2n\u0103rului<\/p>\n<p>La momentul plec\u0103rii, adolescentul era \u00eembr\u0103cat \u00eentr-un trening verde, o geac\u0103 bleumarin \u0219i ghete negre. Poli\u021bi\u0219tii au transmis \u0219i semnalmentele acestuia:<\/p>\n<p>\u00a0 \u00a0 \u00cen\u0103l\u021bime: 1,72 metri<\/p>\n<p>\u00a0 \u00a0 Greutate: 80 kg<\/p>\n<p>\u00a0 \u00a0 Culoarea ochilor: alba\u0219tri<\/p>\n<p>\u00a0 \u00a0 P\u0103r: blond<\/p>\n<p>\u00a0 \u00a0 Forma fe\u021bei: rotund\u0103<\/p>\n<p>Un adolescent care nu vrea s\u0103 se \u00eentoarc\u0103 acas\u0103<\/p>\n<p><a href=\"https:\/\/www.realitatea.net\/stiri\/actual\/minor-din-bucuresti-disparut-dat-in-urmarire-nationala-autoritatile-au-trimis-mesaj-prin-roalert_67d59f79d52453452d38c4e3\" target=\"_blank\">Surse apropiate anchetei<\/a> au precizat c\u0103 b\u0103iatul provine dintr-o familie cu care nu dore\u0219te s\u0103 mai aib\u0103 leg\u0103turi. \u00cen urm\u0103 cu aproximativ o lun\u0103, a fost depistat \u00een Bra\u0219ov, \u00eens\u0103 a refuzat s\u0103 se \u00eentoarc\u0103 la domiciliu. \u00cen perioada \u00een care a fost plecat, p\u0103rin\u021bii au mai reu\u0219it s\u0103 ia leg\u0103tura cu el, dar \u00een ultimele zile nu a mai putut fi contactat.<\/p>\n<p>Poli\u021bi\u0219tii au efectuat mai multe verific\u0103ri pentru a-l g\u0103si, \u00eens\u0103, deocamdat\u0103, f\u0103r\u0103 rezultat. Telefonul s\u0103u mobil a fost descoperit, dar f\u0103r\u0103 alte indicii despre locul \u00een care se afl\u0103.<\/p>\n<p>Autorit\u0103\u021bile solicit\u0103 sprijinul cet\u0103\u021benilor \u0219i \u00eei \u00eendeamn\u0103 pe cei care de\u021bin informa\u021bii despre adolescent s\u0103 sune la 112 sau s\u0103 contacteze cea mai apropiat\u0103 sec\u021bie de poli\u021bie. Orice detaliu poate fi crucial pentru g\u0103sirea t\u00e2n\u0103rului.<\/p>","protected":false},"excerpt":{"rendered":"<p>Ultima loca\u021bie cunoscut\u0103: municipiul Bra\u0219ov Potrivit anchetatorilor, t\u00e2n\u0103rul a fost v\u0103zut ultima dat\u0103 \u00een jude\u021bul&hellip;<\/p>\n","protected":false},"author":0,"featured_media":42501,"comment_status":"open","ping_status":"open","sticky":false,"template":"","format":"standard","meta":{"footnotes":""},"categories":[2],"tags":[],"class_list":["post-42500","post","type-post","status-publish","format-standard","has-post-thumbnail","hentry","category-actual"],"_links":{"self":[{"href":"https:\/\/247stiri.ro\/index.php\/wp-json\/wp\/v2\/posts\/42500","targetHints":{"allow":["GET"]}}],"collection":[{"href":"https:\/\/247stiri.ro\/index.php\/wp-json\/wp\/v2\/posts"}],"about":[{"href":"https:\/\/247stiri.ro\/index.php\/wp-json\/wp\/v2\/types\/post"}],"replies":[{"embeddable":true,"href":"https:\/\/247stiri.ro\/index.php\/wp-json\/wp\/v2\/comments?post=42500"}],"version-history":[{"count":0,"href":"https:\/\/247stiri.ro\/index.php\/wp-json\/wp\/v2\/posts\/42500\/revisions"}],"wp:featuredmedia":[{"embeddable":true,"href":"https:\/\/247stiri.ro\/index.php\/wp-json\/wp\/v2\/media\/42501"}],"wp:attachment":[{"href":"https:\/\/247stiri.ro\/index.php\/wp-json\/wp\/v2\/media?parent=42500"}],"wp:term":[{"taxonomy":"category","embeddable":true,"href":"https:\/\/247stiri.ro\/index.php\/wp-json\/wp\/v2\/categories?post=42500"},{"taxonomy":"post_tag","embeddable":true,"href":"https:\/\/247stiri.ro\/index.php\/wp-json\/wp\/v2\/tags?post=42500"}],"curies":[{"name":"wp","href":"https:\/\/api.w.org\/{rel}","templated":true}]}}