{"id":42506,"date":"2025-03-25T16:44:55","date_gmt":"2025-03-25T16:44:55","guid":{"rendered":"https:\/\/247stiri.ro\/index.php\/2025\/03\/25\/primarul-sectorului-4-daniel-baluta-atac-fara-precedent-la-adresa-lui-nicusor-dan-cat-trebuie-sa-mai-asistam-la-acest-abuz-si-sa-inghitim-minciunile-primarului-general\/"},"modified":"2025-03-25T16:44:55","modified_gmt":"2025-03-25T16:44:55","slug":"primarul-sectorului-4-daniel-baluta-atac-fara-precedent-la-adresa-lui-nicusor-dan-cat-trebuie-sa-mai-asistam-la-acest-abuz-si-sa-inghitim-minciunile-primarului-general","status":"publish","type":"post","link":"https:\/\/247stiri.ro\/index.php\/2025\/03\/25\/primarul-sectorului-4-daniel-baluta-atac-fara-precedent-la-adresa-lui-nicusor-dan-cat-trebuie-sa-mai-asistam-la-acest-abuz-si-sa-inghitim-minciunile-primarului-general\/","title":{"rendered":"Primarul Sectorului 4, Daniel B\u0103lu\u021b\u0103, atac f\u0103r\u0103 precedent la adresa lui Nicu\u0219or Dan: C\u00e2t trebuie s\u0103 mai asist\u0103m la acest abuz \u0219i s\u0103 \u00eenghi\u021bim minciunile Primarului General?"},"content":{"rendered":"<p>B\u0103lu\u021b\u0103 a exprimat convingerea c\u0103 Nicu\u0219or Dan nu are capacitatea de a deveni pre\u0219edintele Rom\u00e2niei, argument\u00e2nd c\u0103, av\u00e2nd \u00een vedere starea actual\u0103 a Bucure\u0219tiului, alegerea sa ar \u00eensemna o regresie pentru \u00eentreaga \u021bar\u0103. Criticile sale nu s-au oprit la aspectele administrative, el acuz\u00e2ndu-l pe Dan de abuzuri \u0219i de o abordare iresponsabil\u0103 \u00een gestionarea autoriza\u021biilor de construire.<\/p>\n<p>Primarul Sectorului 4 a subliniat faptul c\u0103 ac\u021biunile lui Nicu\u0219or Dan au avut un impact negativ asupra cet\u0103\u021benilor, men\u021bion\u00e2nd un incident recent \u00een care buldozerele au dus la r\u0103nirea a doi oameni. B\u0103lu\u021b\u0103 a afirmat c\u0103 aceste evenimente eviden\u021biaz\u0103 indiferen\u021ba primarului general fa\u021b\u0103 de problemele grave cu care se confrunt\u0103 ora\u0219ul.<\/p>\n<p><a title=\"Continua lupta pentru Planseul Unirii. Daniel Baluta spune ca Nicusor Dan blocheaza dosarul, desi de 3 luni are toate avizele din primarie\" href=\"https:\/\/www.realitatea.net\/stiri\/actual\/continua-lupta-pentru-planseul-unirii-daniel-baluta-spune-ca-nicusor-dan-blocheaza-dosarul-desi-de-3-luni-are-toate-avizele-din-primarie_67e2779b3ddf8b7bec509348\">Continu\u0103 lupta pentru Plan\u0219eul Unirii. Daniel B\u0103lu\u021b\u0103 spune c\u0103 Nicu\u0219or Dan blocheaz\u0103 dosarul, de\u0219i de 3 luni are toate avizele din prim\u0103rie<\/a><\/p>\n<p>\u201eCum po\u021bi s\u0103 te duci s\u0103 tai sandvi\u0219uri, s\u0103 faci cu maimu\u021ba, s\u0103 faci ce vrei tu, numai s\u0103 nu \u00ee\u021bi faci datoria? Unde ne trezim? A\u0219a ceva vrem? Nu cred c\u0103 vrea nimeni asta. Echipa imens\u0103 de oameni care lucreaz\u0103 pe TikTok, Instagram, Facebook, f\u0103r\u0103 s\u0103 fie pl\u0103ti\u021bi, c\u0103 sunt to\u021bi voluntari, inclusiv TikTok este voluntar \u00een campania dansului.<\/p>\n\n<p>Am convingerea c\u0103 acest lucru nu se va \u00eent\u00e2mpla, c\u0103 Nicu\u0219or Dan nu are cum vreodat\u0103 s\u0103 fie pre\u0219edintele Rom\u00e2niei, pentru c\u0103 a\u0219a cum Bucure\u0219tiul se scurge, nu ne dorim ca Rom\u00e2nia s\u0103 involueze.<\/p>\n<p>Oamenii trebuie s\u0103 cunoasc\u0103 cine este cu adev\u0103rat acest impostor pe nume Nicu\u0219or Dan. C\u00e2t trebuie s\u0103 mai asist\u0103m la acest abuz \u0219i s\u0103 \u00eenghi\u021bim minciunile Primarului General? P\u00e2n\u0103 c\u00e2nd vom fi nevoi\u021bi s\u0103 toler\u0103m at\u00e2ta b\u0103taie de joc din partea unui om care vrea s\u0103 devin\u0103 pre\u0219edintele Rom\u00e2niei \u0219i pe care nu \u00eel mi\u0219c\u0103 nimic? Am convingerea c\u0103 acest lucru nu se va \u00eent\u00e2mpla.<\/p>\n<p>G\u00e2ndi\u021bi-v\u0103 c\u0103 \u00een luna octombrie, cu buldozerele a reu\u0219it s\u0103 bage \u00een spital doi oameni, nu i-a p\u0103sat de absolut nimic. A \u00eenceput s\u0103 atace autoriza\u021biile de construire, se poart\u0103 abuziv, face doar ce vrea dansul, emite doar ce vrea dansul\u201d, a spus Daniel B\u0103lu\u021b\u0103 \u00een cadrul unui videoclip postat pe pagina sa de socializare.<\/p>\n<p><a title='Baluta: ,,Nicusor Dan blocheaza intentionat si cu rea-credinta  proiectul Planseului Unirii\"' href=\"https:\/\/www.realitatea.net\/stiri\/actual\/nicusor-dan-blocheaza-intentionat-si-cu-reacredinta-proiectul-de-refacere-a-planseului-unirii-plangere-penala-pe-numele-primarului-general-pentru-abuz-in-serviciu-prin-vatamarea-interesului-public_67e29af6bd16685a3f1c3422\">B\u0103lu\u021b\u0103: \u201eNicu\u0219or Dan blocheaz\u0103 inten\u021bionat \u0219i cu rea-credin\u021b\u0103 proiectul Plan\u0219eului Unirii\u201d<\/a><\/p>","protected":false},"excerpt":{"rendered":"<p>B\u0103lu\u021b\u0103 a exprimat convingerea c\u0103 Nicu\u0219or Dan nu are capacitatea de a deveni pre\u0219edintele Rom\u00e2niei,&hellip;<\/p>\n","protected":false},"author":0,"featured_media":42497,"comment_status":"open","ping_status":"open","sticky":false,"template":"","format":"standard","meta":{"footnotes":""},"categories":[2],"tags":[],"class_list":["post-42506","post","type-post","status-publish","format-standard","has-post-thumbnail","hentry","category-actual"],"_links":{"self":[{"href":"https:\/\/247stiri.ro\/index.php\/wp-json\/wp\/v2\/posts\/42506","targetHints":{"allow":["GET"]}}],"collection":[{"href":"https:\/\/247stiri.ro\/index.php\/wp-json\/wp\/v2\/posts"}],"about":[{"href":"https:\/\/247stiri.ro\/index.php\/wp-json\/wp\/v2\/types\/post"}],"replies":[{"embeddable":true,"href":"https:\/\/247stiri.ro\/index.php\/wp-json\/wp\/v2\/comments?post=42506"}],"version-history":[{"count":0,"href":"https:\/\/247stiri.ro\/index.php\/wp-json\/wp\/v2\/posts\/42506\/revisions"}],"wp:featuredmedia":[{"embeddable":true,"href":"https:\/\/247stiri.ro\/index.php\/wp-json\/wp\/v2\/media\/42497"}],"wp:attachment":[{"href":"https:\/\/247stiri.ro\/index.php\/wp-json\/wp\/v2\/media?parent=42506"}],"wp:term":[{"taxonomy":"category","embeddable":true,"href":"https:\/\/247stiri.ro\/index.php\/wp-json\/wp\/v2\/categories?post=42506"},{"taxonomy":"post_tag","embeddable":true,"href":"https:\/\/247stiri.ro\/index.php\/wp-json\/wp\/v2\/tags?post=42506"}],"curies":[{"name":"wp","href":"https:\/\/api.w.org\/{rel}","templated":true}]}}