{"id":42508,"date":"2025-03-25T16:44:56","date_gmt":"2025-03-25T16:44:56","guid":{"rendered":"https:\/\/247stiri.ro\/index.php\/2025\/03\/25\/anca-alexandrescu-maine-va-fi-un-test-pe-care-suveranistii-il-vor-da-in-fata-lui-calin-georgescu\/"},"modified":"2025-03-25T16:44:56","modified_gmt":"2025-03-25T16:44:56","slug":"anca-alexandrescu-maine-va-fi-un-test-pe-care-suveranistii-il-vor-da-in-fata-lui-calin-georgescu","status":"publish","type":"post","link":"https:\/\/247stiri.ro\/index.php\/2025\/03\/25\/anca-alexandrescu-maine-va-fi-un-test-pe-care-suveranistii-il-vor-da-in-fata-lui-calin-georgescu\/","title":{"rendered":"Anca Alexandrescu: M\u00e2ine va fi un test pe care suverani\u0219tii \u00eel vor da \u00een fa\u021ba lui C\u0103lin Georgescu"},"content":{"rendered":"<p>\u201eEu m\u0103 a\u0219tept ca m\u00e2ine s\u0103 fie dou\u0103 manifest\u0103ri superbe, frumoase, pa\u0219nice, care s\u0103 arate unitatea valului suveranist. Asta cred c\u0103 \u00ee\u0219i dore\u0219te \u0219i C\u0103lin Georgescu, asta de fapt a \u0219i transmis. M\u00e2ine va fi un test, dup\u0103 p\u0103rerea mea, pe care suverani\u0219tii \u00eel vor da \u00een fa\u021ba lui C\u0103lin Georgescu. Faptul c\u0103 nu l-au uitat, faptul c\u0103 nu sunt dezbina\u021bi, faptul c\u0103 vor merge p\u00e2n\u0103 la cap\u0103t, a\u0219a cum C\u0103lin Georgescu spunea \u00een mesajul pe care eu l-am dat asear\u0103, un mesaj mai vechi, c\u0103 este dispus s\u0103 mearg\u0103 p\u00e2n\u0103 la cap\u0103t, dar are nevoie ca partenerul s\u0103u s\u0103 fie poporul rom\u00e2n.<\/p>\n<p>Asta m\u0103 a\u0219tept eu s\u0103 v\u0103d m\u00e2ine, \u0219i am f\u0103cut \u0219i eu apel asear\u0103 s\u0103 nu se lase dezbina\u021bi cei care au organizat cele dou\u0103 proteste, cel din Pia\u021ba Constitu\u021biei \u0219i cel din Pia\u021ba Victoriei. Eu voi oferi platforma \u00een emisiunea mea ambilor organizatori \u00een a\u0219a fel \u00eenc\u00e2t s\u0103 aducem unitatea pentru c\u0103 toat\u0103 lumea \u00ee\u0219i dore\u0219te acela\u0219i lucru. Evident c\u0103 singurul nostru scop este reintrarea \u00een constitu\u021bie \u0219i \u00een legalitate \u0219i \u00eentoarcerea la turul doi, dar dac\u0103 aceste personaje care vremelnic se afl\u0103 la putere vor continua s\u0103 uzurpe calit\u0103\u021bile oficiale \u0219i s\u0103 calce \u00een picioare constitu\u021bia, nu avem de ales dec\u00e2t de a merge cu valul suveranist la alegerile din 4 \u0219i 18 mai. Eu nu mi-am pierdut speran\u021ba \u0219i rom\u00e2nii nu \u0219i-au pierdut speran\u021ba, mai ales c\u0103 vin tot mai multe semnale din afara \u021b\u0103rii c\u0103 Rom\u00e2nia este pedepsit\u0103, cu ghilimelele de rigoare, sau din p\u0103cate cet\u0103\u021benii rom\u00e2ni sunt pedepsi\u021bi din cauza deciziilor acestor politicieni.<\/p>\n<p><a href=\"https:\/\/www.realitatea.net\/stiri\/actual\/ce-a-vrut-sa-semnalizeze-nicusor-dan-cand-a-declarat-ca-lar-alege-pe-klaus-iohannis-premier-anca-alexandrescu-descifreaza-mesajul-din-spatele-declaratiei_67e18bae90eb7b2d63523d57\" target=\"_blank\">Ce a vrut s\u0103 semnalizeze Nicu\u0219or Dan c\u00e2nd a spus c\u0103 l-ar alege pe Klaus Iohannis consilier preziden\u021bial &#8211; Anca Alexandrescu descifreaz\u0103 mesajul din spatele mut\u0103rii surpriz\u0103<\/a><\/p>\n<p>Ast\u0103zi a venit anun\u021bul oficial c\u0103 vizele pentru America nu se ridic\u0103, se am\u00e2n\u0103 aceast\u0103 decizie, \u0219i apropo de exclusivit\u0103\u021bile pe care le vom avea disear\u0103, avem aceste interven\u021bii ale organizatorilor celor dou\u0103 proteste de m\u00e2ine, dar avem ni\u0219te m\u0103rturii senza\u021bionale despre cum s-a premeditat anularea alegerilor. Avem un lider PNL care \u00eentr-o emisiune a recunoscut \u0219i a spus c\u0103 americanii nu \u00een\u021beleg de ce s-au anulat alegerile \u00een Rom\u00e2nia, \u00eel avem pe Marcel Ciolacu care vorbe\u0219te de o \u00eencercare de anulare a alegerilor cu acea renum\u0103rare \u0219i c\u0103 se va afla adev\u0103rul p\u00e2n\u0103 la cap\u0103t, avem o analiz\u0103 venit\u0103 din Europa \u00een leg\u0103tur\u0103 cu faptul c\u0103 nu se ridic\u0103 vizele pentru rom\u00e2ni, f\u0103c\u00e2nd leg\u0103tura clar\u0103 cu lovitura de stat care s-a dat anul trecut. Avem foarte multe dezv\u0103luiri \u00een aceast\u0103 sear\u0103 \u0219i bine\u00een\u021beles, vocea poporului se va face auzit\u0103 la Culisele Statului Paralel.<\/p>\n<p>E a\u0219a cum am spus, \u0219i cum a\u021bi v\u0103zut \u0219i mai devreme mesajul Alexandrei P\u0103curaru, adev\u0103rul u\u0219or, u\u0219or iese la suprafa\u021b\u0103. Este perioada patimilor, iese tot ce e r\u0103u \u0219i ur\u00e2t la suprafa\u021b\u0103, \u00een a\u0219a fel \u00eenc\u00e2t dup\u0103 aceea s\u0103 ias\u0103 soarele \u0219i poporul rom\u00e2n s\u0103 se bucure de ceea ce a reu\u0219it s\u0103 fac\u0103 prin votul s\u0103u, pentru c\u0103 for\u021ba poporului rom\u00e2n const\u0103 \u00een votul s\u0103u, \u0219i sunt convins\u0103 \u0219i am \u00eencredere \u00een rom\u00e2ni c\u0103 \u00ee\u0219i vor ar\u0103ta for\u021ba cu demnitate, pa\u0219nic, \u0219i cu mult\u0103 putere\u201d, a spus Anca Alexandrescu \u00eentr-o interven\u021bie la Realitatea Plus.\u00a0<\/p>\n<p><a title=\"Anca Alexandrescu, mesaj crucial inainte de ziua de 26 martie: Va rog, sa nu cadem in capcana, sa nu fim dezbinati. Eu insami as fi intr-o situatie delicata\" href=\"https:\/\/www.realitatea.net\/stiri\/actual\/anca-alexandrescu-mesaj-de-maxima-inainte-de-ziua-de-26-martie-va-rog-sa-nu-cadeam-in-capcana-sa-nu-fim-dezbinati-eu-insami-si-fi-intro-situatie-delicate_67e1b820276f0e069a48230a\">Anca Alexandrescu, mesaj crucial \u00eenainte de ziua de 26 martie: V\u0103 rog, s\u0103 nu c\u0103dem \u00een capcan\u0103, s\u0103 nu fim dezbina\u021bi. Eu \u00eens\u0103mi a\u0219 fi \u00eentr-o situa\u021bie delicat\u0103<\/a><\/p>","protected":false},"excerpt":{"rendered":"<p>\u201eEu m\u0103 a\u0219tept ca m\u00e2ine s\u0103 fie dou\u0103 manifest\u0103ri superbe, frumoase, pa\u0219nice, care s\u0103 arate&hellip;<\/p>\n","protected":false},"author":0,"featured_media":42499,"comment_status":"open","ping_status":"open","sticky":false,"template":"","format":"standard","meta":{"footnotes":""},"categories":[2],"tags":[],"class_list":["post-42508","post","type-post","status-publish","format-standard","has-post-thumbnail","hentry","category-actual"],"_links":{"self":[{"href":"https:\/\/247stiri.ro\/index.php\/wp-json\/wp\/v2\/posts\/42508","targetHints":{"allow":["GET"]}}],"collection":[{"href":"https:\/\/247stiri.ro\/index.php\/wp-json\/wp\/v2\/posts"}],"about":[{"href":"https:\/\/247stiri.ro\/index.php\/wp-json\/wp\/v2\/types\/post"}],"replies":[{"embeddable":true,"href":"https:\/\/247stiri.ro\/index.php\/wp-json\/wp\/v2\/comments?post=42508"}],"version-history":[{"count":0,"href":"https:\/\/247stiri.ro\/index.php\/wp-json\/wp\/v2\/posts\/42508\/revisions"}],"wp:featuredmedia":[{"embeddable":true,"href":"https:\/\/247stiri.ro\/index.php\/wp-json\/wp\/v2\/media\/42499"}],"wp:attachment":[{"href":"https:\/\/247stiri.ro\/index.php\/wp-json\/wp\/v2\/media?parent=42508"}],"wp:term":[{"taxonomy":"category","embeddable":true,"href":"https:\/\/247stiri.ro\/index.php\/wp-json\/wp\/v2\/categories?post=42508"},{"taxonomy":"post_tag","embeddable":true,"href":"https:\/\/247stiri.ro\/index.php\/wp-json\/wp\/v2\/tags?post=42508"}],"curies":[{"name":"wp","href":"https:\/\/api.w.org\/{rel}","templated":true}]}}