{"id":4252,"date":"2024-11-04T07:46:49","date_gmt":"2024-11-04T07:46:49","guid":{"rendered":"https:\/\/247stiri.ro\/index.php\/2024\/11\/04\/dezbateri-decisive-in-senat-pentru-pensiile-militarilor-proiectul-pnl-ajunge-la-votul-final\/"},"modified":"2024-11-04T07:46:49","modified_gmt":"2024-11-04T07:46:49","slug":"dezbateri-decisive-in-senat-pentru-pensiile-militarilor-proiectul-pnl-ajunge-la-votul-final","status":"publish","type":"post","link":"https:\/\/247stiri.ro\/index.php\/2024\/11\/04\/dezbateri-decisive-in-senat-pentru-pensiile-militarilor-proiectul-pnl-ajunge-la-votul-final\/","title":{"rendered":"Dezbateri decisive \u00een Senat pentru pensiile militarilor! Proiectul PNL ajunge la votul final"},"content":{"rendered":"<p>Ast\u0103zi, Parlamentul Rom\u00e2niei va fi scena unor dezbateri esen\u021biale pe tema pensiilor militare, odat\u0103 ce proiectul de lege propus de Partidul Na\u021bional Liberal (PNL) ajunge la votul final din plenul Senatului. Documentul prevede o m\u0103sur\u0103 important\u0103 pentru cei din sistemul militar, propun\u00e2nd indexarea pensiilor acestora \u00een func\u021bie de solda de grad. Aceast\u0103 indexare este g\u00e2ndit\u0103 astfel \u00eenc\u00e2t veniturile militarilor pensiona\u021bi s\u0103 nu r\u0103m\u00e2n\u0103 \u00een urma infla\u021biei, ceea ce ar asigura o protec\u021bie sporit\u0103 pentru beneficiarii acestor pensii.<\/p>\n<p>Cu toate acestea, proiectul este \u00eenso\u021bit de controverse semnificative, legate mai ales de impactul bugetar pe care l-ar avea. \u00cen urma modific\u0103rilor aduse de Camera Deputa\u021bilor, recalcularea pensiilor ar trebui s\u0103 se realizeze \u00eentr-un termen scurt de doar 30 de zile, ceea ce ar putea duce la un efort financiar considerabil pentru bugetul de stat. <\/p>\n<p>Un alt element de incertitudine este legat de pozi\u021bia Partidului Social Democrat (PSD), al c\u0103rui sprijin este crucial pentru adoptarea proiectului. \u00cen contextul unor tensiuni politice \u0219i a scandalurilor recente, nu este clar dac\u0103 PSD va sus\u021bine proiectul sau dac\u0103 va c\u0103uta s\u0103 impun\u0103 modific\u0103ri suplimentare.<\/p>\n<p><a href=\"https:\/\/www.realitatea.net\/stiri\/actual\/proiectul-de-lege-care-prevede-indexarea-pensiilor-militare-a-trecut-de-comisiile-din-parlament-vot-decisiv-in-plenul-camerei-deputatlor_6720a6c38653a81f6f324b87\" target=\"_blank\" rel=\"noopener\">Proiectul de lege privind pensiile militare a trecut de Camera Deputa\u021bilor. Vot cov\u00e2r\u0219itor \u00een favoarea major\u0103rii &#8211; cum se vor calcula: modific\u0103ri<\/a><\/p>\n<p>\u00a0<\/p>","protected":false},"excerpt":{"rendered":"<p>Ast\u0103zi, Parlamentul Rom\u00e2niei va fi scena unor dezbateri esen\u021biale pe tema pensiilor militare, odat\u0103 ce&hellip;<\/p>\n","protected":false},"author":0,"featured_media":4253,"comment_status":"open","ping_status":"open","sticky":false,"template":"","format":"standard","meta":{"footnotes":""},"categories":[2],"tags":[],"class_list":["post-4252","post","type-post","status-publish","format-standard","has-post-thumbnail","hentry","category-actual"],"_links":{"self":[{"href":"https:\/\/247stiri.ro\/index.php\/wp-json\/wp\/v2\/posts\/4252","targetHints":{"allow":["GET"]}}],"collection":[{"href":"https:\/\/247stiri.ro\/index.php\/wp-json\/wp\/v2\/posts"}],"about":[{"href":"https:\/\/247stiri.ro\/index.php\/wp-json\/wp\/v2\/types\/post"}],"replies":[{"embeddable":true,"href":"https:\/\/247stiri.ro\/index.php\/wp-json\/wp\/v2\/comments?post=4252"}],"version-history":[{"count":0,"href":"https:\/\/247stiri.ro\/index.php\/wp-json\/wp\/v2\/posts\/4252\/revisions"}],"wp:featuredmedia":[{"embeddable":true,"href":"https:\/\/247stiri.ro\/index.php\/wp-json\/wp\/v2\/media\/4253"}],"wp:attachment":[{"href":"https:\/\/247stiri.ro\/index.php\/wp-json\/wp\/v2\/media?parent=4252"}],"wp:term":[{"taxonomy":"category","embeddable":true,"href":"https:\/\/247stiri.ro\/index.php\/wp-json\/wp\/v2\/categories?post=4252"},{"taxonomy":"post_tag","embeddable":true,"href":"https:\/\/247stiri.ro\/index.php\/wp-json\/wp\/v2\/tags?post=4252"}],"curies":[{"name":"wp","href":"https:\/\/api.w.org\/{rel}","templated":true}]}}