{"id":42522,"date":"2025-03-25T17:44:50","date_gmt":"2025-03-25T17:44:50","guid":{"rendered":"https:\/\/247stiri.ro\/index.php\/2025\/03\/25\/o-spirala-misterioasa-aparuta-pe-cer-a-pus-pe-jar-americanii-expertii-au-dat-vina-pe-o-racheta-lansata-de-elon-musk\/"},"modified":"2025-03-25T17:44:50","modified_gmt":"2025-03-25T17:44:50","slug":"o-spirala-misterioasa-aparuta-pe-cer-a-pus-pe-jar-americanii-expertii-au-dat-vina-pe-o-racheta-lansata-de-elon-musk","status":"publish","type":"post","link":"https:\/\/247stiri.ro\/index.php\/2025\/03\/25\/o-spirala-misterioasa-aparuta-pe-cer-a-pus-pe-jar-americanii-expertii-au-dat-vina-pe-o-racheta-lansata-de-elon-musk\/","title":{"rendered":"O spiral\u0103 misterioas\u0103 ap\u0103rut\u0103 pe cer a pus pe jar americanii. Exper\u021bii au dat vina pe o rachet\u0103 lansat\u0103 de Elon Musk"},"content":{"rendered":"<p>O spiral\u0103 albastr\u0103 a ap\u0103rut pe cer \u00een noaptea de luni spre mar\u021bi. Ea a fost vizibil\u0103 \u00een unele \u021b\u0103ri, \u00een special \u00een Fran\u021ba \u0219i Suedia. Si din Rom\u00e2nia s-a vazut, mai multe perosane din Roman au postat pe Facebook poze. Astronomii amatori au distribuit fotografii pe re\u021belele sociale, iar comentatorii au lansat numeroase teorii, inclusiv unele legate de via\u021ba extraterestr\u0103 sau de experimentele secrete f\u0103cute de guverne.<\/p>\n<p>\u00cen discu\u021biile online au intervenit \u0219i diferi\u021bi exper\u021bii. Ei spun c\u0103, probabil, fenomenul ciudat este cauzat de o rachet\u0103 de la compania spa\u021bial\u0103 a lui Elon Musk. Spirala luminoas\u0103 poate fi legat\u0103 de excesul de combustibil eliberat de o rachet\u0103, la c\u00e2teva ore de la decolare, \u00een timp ce se afl\u0103 pe orbita P\u0103m\u00e2ntului.<\/p>\n<p>One of our students took these spectacular photos earlier this evening, showing what is thought to be fuel from a <a href=\"https:\/\/twitter.com\/SpaceX?ref_src=twsrc%5Etfw\">@SpaceX<\/a> Falcon 9 rocket! <a href=\"https:\/\/t.co\/3PGP74LBdk\">pic.twitter.com\/3PGP74LBdk<\/a><\/p>\n<p>\u2014 University of Hertfordshire Observatory (@BayfordburyObs) <a href=\"https:\/\/twitter.com\/BayfordburyObs\/status\/1904273752596341050?ref_src=twsrc%5Etfw\">March 24, 2025<\/a><\/p>\n<p>\u00cen acest scenariu, de vin\u0103 pentru fenomenul misterios ar trebui s\u0103 fie misiunea Space X Falcon 9. O rachet\u0103 a decolat luni, din Cape Canaveral, Florida (SUA).<\/p>\n<p><a title=\"TESLA, compania lui Musk, se arata ingrijorata de posibilele efecte ale razboiului tarifar declansat de Trump\" href=\"https:\/\/www.realitatea.net\/stiri\/economie\/tesla-compania-lui-musk-se-arata-ingrijorata-de-posibilele-efecte-ale-razboiului-tarifar-declansat-de-trump_67d4660147b6da11d030cdf7\">TESLA, compania lui Musk, se arat\u0103 \u00eengrijorat\u0103 de posibilele efecte ale r\u0103zboiului tarifar declan\u0219at de Trump<\/a><\/p>\n<p>Profesorul Brian Cox a explicat pe X: \u201ePentru to\u021bi cei care \u00eentreab\u0103 despre forma ciudat\u0103 de pe cer mai devreme \u2013 este asociat\u0103 cu aceast\u0103 lansare.\u201d<\/p>\n<p>El a distribuit un video de la SpaceX intitulat:\u00a0\u201ePrima treapt\u0103 a Falcon 9 a aterizat pe LZ-1 \u00een Florida\u201d.<\/p>\n<p>For everyone asking about the strange spiral shape in the sky earlier &#8211; it was associaed with this launch <a href=\"https:\/\/t.co\/L3A7fUVT6z\">https:\/\/t.co\/L3A7fUVT6z<\/a><\/p>\n<p>\u2014 Brian Cox (@ProfBrianCox) <a href=\"https:\/\/twitter.com\/ProfBrianCox\/status\/1904280911933288864?ref_src=twsrc%5Etfw\">March 24, 2025<\/a><\/p>\n<p>SpaceX a explicat c\u0103 Falcon 9 este o rachet\u0103 reutilizabil\u0103 cu dou\u0103 trepte, proiectat\u0103 pentru transportul sigur al \u00eenc\u0103rc\u0103turilor \u0219i al echipajelor \u00een orbit\u0103 \u0219i dincolo de aceasta.<\/p>\n<p>Lansarea rachetei Falcon 9 a avut loc \u00een Florida, pu\u021bin \u00eenainte de ora 18:00 (ora local\u0103).<\/p>\n<p><a title=\"Americanii, tot mai nemultumiti de Administratia Trump. Se protesteaza impotriva lui Elon Musk, in fata unui sediu Tesla\" href=\"https:\/\/www.realitatea.net\/stiri\/actual\/americanii-tot-mai-nemultumiti-de-administratia-trump-se-protesteaza-impotriva-lui-elon-musk-in-fata-unui-sediu-tesla_67e018200b9b8c4f57424852\">Americanii, tot mai nemul\u021bumi\u021bi de Administra\u021bia Trump. Se protesteaz\u0103 \u00eempotriva lui Elon Musk, \u00een fa\u0163a unui sediu Tesla<\/a><\/p>","protected":false},"excerpt":{"rendered":"<p>O spiral\u0103 albastr\u0103 a ap\u0103rut pe cer \u00een noaptea de luni spre mar\u021bi. Ea a&hellip;<\/p>\n","protected":false},"author":0,"featured_media":42514,"comment_status":"open","ping_status":"open","sticky":false,"template":"","format":"standard","meta":{"footnotes":""},"categories":[2],"tags":[],"class_list":["post-42522","post","type-post","status-publish","format-standard","has-post-thumbnail","hentry","category-actual"],"_links":{"self":[{"href":"https:\/\/247stiri.ro\/index.php\/wp-json\/wp\/v2\/posts\/42522","targetHints":{"allow":["GET"]}}],"collection":[{"href":"https:\/\/247stiri.ro\/index.php\/wp-json\/wp\/v2\/posts"}],"about":[{"href":"https:\/\/247stiri.ro\/index.php\/wp-json\/wp\/v2\/types\/post"}],"replies":[{"embeddable":true,"href":"https:\/\/247stiri.ro\/index.php\/wp-json\/wp\/v2\/comments?post=42522"}],"version-history":[{"count":0,"href":"https:\/\/247stiri.ro\/index.php\/wp-json\/wp\/v2\/posts\/42522\/revisions"}],"wp:featuredmedia":[{"embeddable":true,"href":"https:\/\/247stiri.ro\/index.php\/wp-json\/wp\/v2\/media\/42514"}],"wp:attachment":[{"href":"https:\/\/247stiri.ro\/index.php\/wp-json\/wp\/v2\/media?parent=42522"}],"wp:term":[{"taxonomy":"category","embeddable":true,"href":"https:\/\/247stiri.ro\/index.php\/wp-json\/wp\/v2\/categories?post=42522"},{"taxonomy":"post_tag","embeddable":true,"href":"https:\/\/247stiri.ro\/index.php\/wp-json\/wp\/v2\/tags?post=42522"}],"curies":[{"name":"wp","href":"https:\/\/api.w.org\/{rel}","templated":true}]}}