{"id":42525,"date":"2025-03-25T18:44:55","date_gmt":"2025-03-25T18:44:55","guid":{"rendered":"https:\/\/247stiri.ro\/index.php\/2025\/03\/25\/un-fake-news-a-starnit-alerta-printre-soferii-din-iasi-cum-a-aparut-povestea-despre-camerele-de-supraveghere-care-te-prind-cand-treci-pe-rosu\/"},"modified":"2025-03-25T18:44:55","modified_gmt":"2025-03-25T18:44:55","slug":"un-fake-news-a-starnit-alerta-printre-soferii-din-iasi-cum-a-aparut-povestea-despre-camerele-de-supraveghere-care-te-prind-cand-treci-pe-rosu","status":"publish","type":"post","link":"https:\/\/247stiri.ro\/index.php\/2025\/03\/25\/un-fake-news-a-starnit-alerta-printre-soferii-din-iasi-cum-a-aparut-povestea-despre-camerele-de-supraveghere-care-te-prind-cand-treci-pe-rosu\/","title":{"rendered":"Un FAKE NEWS a st\u00e2rnit alert\u0103 printre \u0219oferii din Ia\u0219i. Cum a ap\u0103rut povestea despre camerele de supraveghere care te prind c\u00e2nd treci pe RO\u0218U?"},"content":{"rendered":"<p>Mai mult, mesajul vorbe\u0219te \u0219i despre faptul c\u0103 ar fi dotate respectivele camere cu aparate radar. Astfel, s-ar putea da amenzi \u0219i pentru dep\u0103\u0219irea vitezei legale, potrivit mai multor mesaje de pe re\u021bele, postate de <a href=\"https:\/\/www.ziaruldeiasi.ro\/stiri\/camere-care-dau-amenda-pentru-viteza-si-celor-care-trec-pe-rosu-o-dezinformare-viralizata-in-iasi-reactia-politiei--1737773.html\" target=\"_blank\">Ziarul de Ia\u0219i.<\/a><\/p>\n\n<p>\u201e\u00cen activit\u0103\u021bile derulate pentru cre\u0219terea gradului de siguran\u021b\u0103 rutier\u0103 pe drumurile publice, poli\u021bi\u0219tii rutieri din cadrul Inspectoratului de Poli\u021bie Jude\u021bean Ia\u0219i utilizeaz\u0103 aparatele radar aflate \u00een dotarea institu\u021biei, pentru depistarea conduc\u0103torilor auto care nu respect\u0103 regimul legal de vitez\u0103 pe drumurile publice. Le recomand\u0103m cet\u0103\u021benilor s\u0103 se informeze din surse verificate \u0219i s\u0103 evite r\u0103sp\u00e2ndirea informa\u021biilor false\u201d, au declarat reprezentan\u021bii IPJ Ia\u0219i pentru publica\u021bia citat\u0103.\u00a0<\/p>\n<p>\u00a0<\/p>","protected":false},"excerpt":{"rendered":"<p>Mai mult, mesajul vorbe\u0219te \u0219i despre faptul c\u0103 ar fi dotate respectivele camere cu aparate&hellip;<\/p>\n","protected":false},"author":0,"featured_media":42526,"comment_status":"open","ping_status":"open","sticky":false,"template":"","format":"standard","meta":{"footnotes":""},"categories":[2],"tags":[],"class_list":["post-42525","post","type-post","status-publish","format-standard","has-post-thumbnail","hentry","category-actual"],"_links":{"self":[{"href":"https:\/\/247stiri.ro\/index.php\/wp-json\/wp\/v2\/posts\/42525","targetHints":{"allow":["GET"]}}],"collection":[{"href":"https:\/\/247stiri.ro\/index.php\/wp-json\/wp\/v2\/posts"}],"about":[{"href":"https:\/\/247stiri.ro\/index.php\/wp-json\/wp\/v2\/types\/post"}],"replies":[{"embeddable":true,"href":"https:\/\/247stiri.ro\/index.php\/wp-json\/wp\/v2\/comments?post=42525"}],"version-history":[{"count":0,"href":"https:\/\/247stiri.ro\/index.php\/wp-json\/wp\/v2\/posts\/42525\/revisions"}],"wp:featuredmedia":[{"embeddable":true,"href":"https:\/\/247stiri.ro\/index.php\/wp-json\/wp\/v2\/media\/42526"}],"wp:attachment":[{"href":"https:\/\/247stiri.ro\/index.php\/wp-json\/wp\/v2\/media?parent=42525"}],"wp:term":[{"taxonomy":"category","embeddable":true,"href":"https:\/\/247stiri.ro\/index.php\/wp-json\/wp\/v2\/categories?post=42525"},{"taxonomy":"post_tag","embeddable":true,"href":"https:\/\/247stiri.ro\/index.php\/wp-json\/wp\/v2\/tags?post=42525"}],"curies":[{"name":"wp","href":"https:\/\/api.w.org\/{rel}","templated":true}]}}