{"id":42533,"date":"2025-03-25T18:44:58","date_gmt":"2025-03-25T18:44:58","guid":{"rendered":"https:\/\/247stiri.ro\/index.php\/2025\/03\/25\/incident-tensionat-intr-un-restaurant-din-sectorul-1-un-barbat-si-a-scos-arma-si-a-amenintat-o-persoana\/"},"modified":"2025-03-25T18:44:58","modified_gmt":"2025-03-25T18:44:58","slug":"incident-tensionat-intr-un-restaurant-din-sectorul-1-un-barbat-si-a-scos-arma-si-a-amenintat-o-persoana","status":"publish","type":"post","link":"https:\/\/247stiri.ro\/index.php\/2025\/03\/25\/incident-tensionat-intr-un-restaurant-din-sectorul-1-un-barbat-si-a-scos-arma-si-a-amenintat-o-persoana\/","title":{"rendered":"Incident tensionat \u00eentr-un restaurant din Sectorul 1: un b\u0103rbat \u0219i-a scos arma \u0219i a amenin\u021bat o persoan\u0103"},"content":{"rendered":"<p>\u00a0Poli\u021bi\u0219tii, alerta\u021bi printr-un apel la 112, au intervenit de urgen\u021b\u0103 la fa\u021ba locului \u0219i au stabilit c\u0103 arma era de\u021binut\u0103 legal \u0219i nu era \u00eenc\u0103rcat\u0103.<\/p>\n<p>Poli\u021bia a confirmat amenin\u021barea<\/p>\n<p><a href=\"https:\/\/www.realitatea.net\/stiri\/actual\/perchezitii-de-amploare-intrun-dosar-de-inselaciune-si-nerespectarea-regimului-armelor-ce-nereguli-au-descoperit-autoritatile_67d7e86fcd3eb839612e97f2\" target=\"_blank\">Incidentul s-a petrecut<\/a> \u00een jurul orei 14:45, iar echipajele Sec\u021biei 2 Poli\u021bie din cadrul Direc\u021biei Generale de Poli\u021bie a Municipiului Bucure\u0219ti au ajuns rapid la fa\u021ba locului.<\/p>\n<p>\u201eDin primele verific\u0103ri a reie\u0219it c\u0103, pe fondul unui conflict spontan, un b\u0103rbat a amenin\u021bat cu o arm\u0103 un alt b\u0103rbat \u00een incinta unui restaurant din Sectorul 1, provoc\u00e2ndu-i acestuia o stare de temere. Persoana suspectat\u0103 de comiterea faptei de\u021bine legal arma, av\u00e2nd permis de port-arm\u0103. Totodat\u0103, s-a constatat c\u0103 arma nu avea muni\u021bie la momentul incidentului\u201d, a transmis Poli\u021bia Capitalei.<\/p>\n<p>At\u00e2t suspectul, c\u00e2t \u0219i persoana amenin\u021bat\u0103 au fost condu\u0219i la sediul Poli\u021biei pentru clarificarea \u00eemprejur\u0103rilor \u00een care s-a produs incidentul. <a href=\"https:\/\/www.realitatea.net\/stiri\/actual\/tot-mai-multe-tari-cer-sa-fie-amplasate-arme-nucleare-pe-teritoriul-lor-ce-se-ascunde-in-spatele-acestei-mutari_67d44f503eab5654547dcff2\" target=\"_blank\">Autorit\u0103\u021bile analizeaz\u0103 toate detaliile<\/a> cazului pentru a stabili m\u0103surile legale care se impun. Ancheta este \u00een desf\u0103\u0219urare.<\/p>","protected":false},"excerpt":{"rendered":"<p>\u00a0Poli\u021bi\u0219tii, alerta\u021bi printr-un apel la 112, au intervenit de urgen\u021b\u0103 la fa\u021ba locului \u0219i au&hellip;<\/p>\n","protected":false},"author":0,"featured_media":42534,"comment_status":"open","ping_status":"open","sticky":false,"template":"","format":"standard","meta":{"footnotes":""},"categories":[2],"tags":[],"class_list":["post-42533","post","type-post","status-publish","format-standard","has-post-thumbnail","hentry","category-actual"],"_links":{"self":[{"href":"https:\/\/247stiri.ro\/index.php\/wp-json\/wp\/v2\/posts\/42533","targetHints":{"allow":["GET"]}}],"collection":[{"href":"https:\/\/247stiri.ro\/index.php\/wp-json\/wp\/v2\/posts"}],"about":[{"href":"https:\/\/247stiri.ro\/index.php\/wp-json\/wp\/v2\/types\/post"}],"replies":[{"embeddable":true,"href":"https:\/\/247stiri.ro\/index.php\/wp-json\/wp\/v2\/comments?post=42533"}],"version-history":[{"count":0,"href":"https:\/\/247stiri.ro\/index.php\/wp-json\/wp\/v2\/posts\/42533\/revisions"}],"wp:featuredmedia":[{"embeddable":true,"href":"https:\/\/247stiri.ro\/index.php\/wp-json\/wp\/v2\/media\/42534"}],"wp:attachment":[{"href":"https:\/\/247stiri.ro\/index.php\/wp-json\/wp\/v2\/media?parent=42533"}],"wp:term":[{"taxonomy":"category","embeddable":true,"href":"https:\/\/247stiri.ro\/index.php\/wp-json\/wp\/v2\/categories?post=42533"},{"taxonomy":"post_tag","embeddable":true,"href":"https:\/\/247stiri.ro\/index.php\/wp-json\/wp\/v2\/tags?post=42533"}],"curies":[{"name":"wp","href":"https:\/\/api.w.org\/{rel}","templated":true}]}}