{"id":42547,"date":"2025-03-25T19:45:56","date_gmt":"2025-03-25T19:45:56","guid":{"rendered":"https:\/\/247stiri.ro\/index.php\/2025\/03\/25\/pompierii-buzoieni-au-salvat-un-pui-de-iepure-dintr-un-incendiu-de-vegetatie-nimicitor\/"},"modified":"2025-03-25T19:45:56","modified_gmt":"2025-03-25T19:45:56","slug":"pompierii-buzoieni-au-salvat-un-pui-de-iepure-dintr-un-incendiu-de-vegetatie-nimicitor","status":"publish","type":"post","link":"https:\/\/247stiri.ro\/index.php\/2025\/03\/25\/pompierii-buzoieni-au-salvat-un-pui-de-iepure-dintr-un-incendiu-de-vegetatie-nimicitor\/","title":{"rendered":"Pompierii buzoieni au salvat un pui de iepure dintr-un incendiu de vegeta\u021bie nimicitor"},"content":{"rendered":"<p>Potrivit Inspectoratului pentru Situa\u021bii de Urgen\u021b\u0103 (ISU) Buz\u0103u, primul incendiu de vegeta\u021bie uscat\u0103 a izbucnit \u00een jurul orelor 15.00 \u00een localitatea Scor\u021boasa. Mai multe echipaje de pompieri \u0219i voluntari s-au deplasat la fa\u021ba locului pentru stingerea fl\u0103c\u0103rilor astfel \u00eenc\u00e2t s\u0103 nu se propage spre zonele locuite din comun\u0103.<\/p>\n\n<p>&#8222;Ast\u0103zi la ora 14.40 a izbucnit un incendiu care s-a manifestat pe o suprafa\u021b\u0103 de 5 hectare de teren. Al\u0103turi de pompieri a ac\u021bionat Serviciul Voluntar pentru Situa\u021bii de Urgen\u021b\u0103 Scor\u021boasa&#8221;, a declarat pentru Agerpres purt\u0103torul de cuv\u00e2nt al ISU Buz\u0103u, Vl\u0103du\u021b P\u00e2rvu.Ulterior, un alt incendiu izbucnit pe raza comunei Scor\u021boasa a cuprins un hectar de teren, fiind lichidat \u00een jurul orei 19.30. \u00cen timpul misiunilor de stingere, a fost salvat un pui de iepure, imagini de la fa\u021ba locului fiind postate de c\u0103tre Prim\u0103ria comunei Scor\u021boasa pe pagina de Facebook.<\/p>\n\n<p>Autorit\u0103\u021bile atrag aten\u021bia c\u0103 incendierea terenurilor afecteaz\u0103 mediul \u00eenconjur\u0103tor \u0219i pot produce pagube materiale \u00eensemnate, chiar \u0219i pierderi de vie\u021bi omene\u0219ti.\u00a0<\/p>\n<p><a title=\"Masina in flacari pe Calea Mosilor din Capitala: focul s-a extins si la alte autoturisme parcate. 7 vehicule afectate, in total FOTO&amp;VIDEO\" href=\"https:\/\/www.realitatea.net\/stiri\/actual\/masina-in-flacari-pe-calea-mosilor-din-capitala-focul-sa-extins-la-alte-4-autoturisme-foto_67e259774068a26afe76d61b\">Ma\u0219in\u0103 \u00een fl\u0103c\u0103ri pe Calea Mo\u0219ilor din Capital\u0103: focul s-a extins \u0219i la alte autoturisme parcate. 7 vehicule afectate, \u00een total FOTO&amp;VIDEO<\/a><\/p>","protected":false},"excerpt":{"rendered":"<p>Potrivit Inspectoratului pentru Situa\u021bii de Urgen\u021b\u0103 (ISU) Buz\u0103u, primul incendiu de vegeta\u021bie uscat\u0103 a izbucnit&hellip;<\/p>\n","protected":false},"author":0,"featured_media":42548,"comment_status":"open","ping_status":"open","sticky":false,"template":"","format":"standard","meta":{"footnotes":""},"categories":[2],"tags":[],"class_list":["post-42547","post","type-post","status-publish","format-standard","has-post-thumbnail","hentry","category-actual"],"_links":{"self":[{"href":"https:\/\/247stiri.ro\/index.php\/wp-json\/wp\/v2\/posts\/42547","targetHints":{"allow":["GET"]}}],"collection":[{"href":"https:\/\/247stiri.ro\/index.php\/wp-json\/wp\/v2\/posts"}],"about":[{"href":"https:\/\/247stiri.ro\/index.php\/wp-json\/wp\/v2\/types\/post"}],"replies":[{"embeddable":true,"href":"https:\/\/247stiri.ro\/index.php\/wp-json\/wp\/v2\/comments?post=42547"}],"version-history":[{"count":0,"href":"https:\/\/247stiri.ro\/index.php\/wp-json\/wp\/v2\/posts\/42547\/revisions"}],"wp:featuredmedia":[{"embeddable":true,"href":"https:\/\/247stiri.ro\/index.php\/wp-json\/wp\/v2\/media\/42548"}],"wp:attachment":[{"href":"https:\/\/247stiri.ro\/index.php\/wp-json\/wp\/v2\/media?parent=42547"}],"wp:term":[{"taxonomy":"category","embeddable":true,"href":"https:\/\/247stiri.ro\/index.php\/wp-json\/wp\/v2\/categories?post=42547"},{"taxonomy":"post_tag","embeddable":true,"href":"https:\/\/247stiri.ro\/index.php\/wp-json\/wp\/v2\/tags?post=42547"}],"curies":[{"name":"wp","href":"https:\/\/api.w.org\/{rel}","templated":true}]}}