{"id":42550,"date":"2025-03-25T19:45:57","date_gmt":"2025-03-25T19:45:57","guid":{"rendered":"https:\/\/247stiri.ro\/index.php\/2025\/03\/25\/george-simion-acuza-guvernul-ciolacu-pentru-suspendarea-ridicarii-vizelor-de-catre-sua-aur-a-avertizat-public-de-nenumarate-ori\/"},"modified":"2025-03-25T19:45:57","modified_gmt":"2025-03-25T19:45:57","slug":"george-simion-acuza-guvernul-ciolacu-pentru-suspendarea-ridicarii-vizelor-de-catre-sua-aur-a-avertizat-public-de-nenumarate-ori","status":"publish","type":"post","link":"https:\/\/247stiri.ro\/index.php\/2025\/03\/25\/george-simion-acuza-guvernul-ciolacu-pentru-suspendarea-ridicarii-vizelor-de-catre-sua-aur-a-avertizat-public-de-nenumarate-ori\/","title":{"rendered":"George Simion acuz\u0103 guvernul Ciolacu pentru suspendarea ridic\u0103rii vizelor de c\u0103tre SUA. \u201dAUR a avertizat public, de nenum\u0103rate ori\u201d"},"content":{"rendered":"<p>\u201dAUR a avertizat public, de nenum\u0103rate ori, c\u0103 Rom\u00e2nia risc\u0103 s\u0103 rateze obiectivul ridic\u0103rii vizelor pentru cet\u0103\u021benii rom\u00e2ni care vor s\u0103 c\u0103l\u0103toreasc\u0103 \u00een Statele Unite ale Americii. Am spus clar c\u0103 ne \u00eendrept\u0103m spre o criz\u0103 diplomatic\u0103 dac\u0103 Ministerul de Interne, condus de C\u0103t\u0103lin Predoiu, continu\u0103 s\u0103 se joace de-a poli\u021bia politic\u0103 \u0219i s\u0103 ignore adev\u0103ratele probleme care afecteaz\u0103 rela\u021bia noastr\u0103 cu Washingtonul (&#8230;). Iat\u0103 c\u0103 Rom\u00e2nia, sub acest guvern incompetent \u0219i corupt, a fost suspendat\u0103 din programul Visa Waiver. Guvernul condus de Marcel Ciolacu este principalul vinovat\u201d, a sus\u021binut Simion, mar\u021bi, \u00eentr-un comunicat de pres\u0103.<\/p>\n<p><a href=\"https:\/\/www.realitatea.net\/stiri\/actual\/george-simion-anunt-de-unitate-pentru-mitingul-de-ziua-lui-calin-georgescu-cu-totii-cu-constitutiei-si-victoriei-vom-fi-impreuna-uniti-pentru-liderul-miscarii-suveraniste_67e275e17d55a57b9b77afd7\" target=\"_blank\">George Simion, anun\u021b de unitate pentru mitingul de ziua lui C\u0103lin Georgescu: Cu to\u021bii, cei din Constitu\u021biei \u0219i Victoriei, vom fi \u00eempreun\u0103 uni\u021bi pentru liderul mi\u0219c\u0103rii suveraniste<\/a>Potrivit liderului AUR, candidat la alegerile preziden\u021biale din luna mai, &#8216;e\u0219ecul diploma\u021biei, haosul institu\u021bional, batjocorirea statului de drept&#8217; au contribuit la pierderea \u00eencrederii partenerilor americani.\u201dE\u0219ecul diploma\u021biei, haosul institu\u021bional, batjocorirea statului de drept &#8211; toate au contribuit la pierderea \u00eencrederii partenerilor no\u0219tri externi. Au anulat alegerile preziden\u021biale din decembrie, au scos candida\u021bi incomozi din curs\u0103, au c\u0103lcat \u00een picioare un principiu fundamental din Declara\u021bia comun\u0103 a Parteneriatului Strategic Rom\u00e2nia &#8211; SUA din 2011: respectarea democra\u021biei \u0219i a statului de drept\u201d, a afirmat Simion.Liderul AUR a mai sus\u021binut c\u0103, la ora actual\u0103, este singurul care poate stabili o cale de comunicare real\u0103 cu administra\u021bia republican\u0103.\u201dLa aceast\u0103 or\u0103, singura cale de comunicare real\u0103 cu administra\u021bia republican\u0103 a SUA este prin subsemnatul. \u0218i voi face tot ce \u021bine de mine ca Rom\u00e2nia s\u0103 fie respectat\u0103, nu ignorat\u0103!\u201d, a concluzionat Simion.\u00a0<\/p>\n<p><a href=\"https:\/\/www.realitatea.net\/stiri\/actual\/george-simion-mesaj-de-forta-cu-10-zile-inainte-de-inceperea-campaniei-prezidentiale-scopul-meu-principal-va-fi-restabilirea-ordinii-constitutionale-si-revenirea-la-statul-de-drept_67e28a42000d2e589c028875\" target=\"_blank\">George Simion, mesaj de for\u021b\u0103 cu 10 zile \u00eenainte de \u00eenceperea campaniei: Scopul meu principal va fi restabilirea ordinii constitu\u021bionale \u0219i revenirea la statul de drept<\/a><\/p>","protected":false},"excerpt":{"rendered":"<p>\u201dAUR a avertizat public, de nenum\u0103rate ori, c\u0103 Rom\u00e2nia risc\u0103 s\u0103 rateze obiectivul ridic\u0103rii vizelor&hellip;<\/p>\n","protected":false},"author":0,"featured_media":42546,"comment_status":"open","ping_status":"open","sticky":false,"template":"","format":"standard","meta":{"footnotes":""},"categories":[2],"tags":[],"class_list":["post-42550","post","type-post","status-publish","format-standard","has-post-thumbnail","hentry","category-actual"],"_links":{"self":[{"href":"https:\/\/247stiri.ro\/index.php\/wp-json\/wp\/v2\/posts\/42550","targetHints":{"allow":["GET"]}}],"collection":[{"href":"https:\/\/247stiri.ro\/index.php\/wp-json\/wp\/v2\/posts"}],"about":[{"href":"https:\/\/247stiri.ro\/index.php\/wp-json\/wp\/v2\/types\/post"}],"replies":[{"embeddable":true,"href":"https:\/\/247stiri.ro\/index.php\/wp-json\/wp\/v2\/comments?post=42550"}],"version-history":[{"count":0,"href":"https:\/\/247stiri.ro\/index.php\/wp-json\/wp\/v2\/posts\/42550\/revisions"}],"wp:featuredmedia":[{"embeddable":true,"href":"https:\/\/247stiri.ro\/index.php\/wp-json\/wp\/v2\/media\/42546"}],"wp:attachment":[{"href":"https:\/\/247stiri.ro\/index.php\/wp-json\/wp\/v2\/media?parent=42550"}],"wp:term":[{"taxonomy":"category","embeddable":true,"href":"https:\/\/247stiri.ro\/index.php\/wp-json\/wp\/v2\/categories?post=42550"},{"taxonomy":"post_tag","embeddable":true,"href":"https:\/\/247stiri.ro\/index.php\/wp-json\/wp\/v2\/tags?post=42550"}],"curies":[{"name":"wp","href":"https:\/\/api.w.org\/{rel}","templated":true}]}}