{"id":42559,"date":"2025-03-25T20:45:05","date_gmt":"2025-03-25T20:45:05","guid":{"rendered":"https:\/\/247stiri.ro\/index.php\/2025\/03\/25\/ministrul-apararii-angel-tilvar-intrevedere-cu-seful-nato-ce-au-discutat-cei-doi-oficiali\/"},"modified":"2025-03-25T20:45:05","modified_gmt":"2025-03-25T20:45:05","slug":"ministrul-apararii-angel-tilvar-intrevedere-cu-seful-nato-ce-au-discutat-cei-doi-oficiali","status":"publish","type":"post","link":"https:\/\/247stiri.ro\/index.php\/2025\/03\/25\/ministrul-apararii-angel-tilvar-intrevedere-cu-seful-nato-ce-au-discutat-cei-doi-oficiali\/","title":{"rendered":"Ministrul Ap\u0103r\u0103rii, Angel T\u00eelv\u0103r, \u00eentrevedere cu \u0219eful NATO. Ce au discutat cei doi oficiali"},"content":{"rendered":"<p>&#8222;Cu un r\u0103zboi la grani\u021b\u0103 \u0219i \u00eentr-un climat geopolitic impredictibil, este esen\u021bial s\u0103 demonstr\u0103m unitate \u0219i viziune strategic\u0103. Ata\u0219amentul fa\u021b\u0103 de Articolul 5 al Tratatului Atlanticului de Nord, principiul fundamental al ap\u0103r\u0103rii colective \u0219i fa\u021b\u0103 de valorile democratice euroatlantice, ghideaz\u0103 ac\u021biunile Rom\u00e2niei. Consolidarea parteneriatului transatlantic \u0219i asumarea unui rol mai activ al Europei \u00een ap\u0103rarea proprie reprezint\u0103 r\u0103spunsul necesar la provoc\u0103rile actuale&#8221;, a declarat ministrul rom\u00e2n, potrivit unui comunicat al MApN.Discu\u021biile s-au concentrat pe evolu\u021biile de securitate din regiunea M\u0103rii Negre, consecin\u021bele r\u0103zboiului de agresiune al Federa\u021biei Ruse \u00eempotriva Ucrainei \u0219i eforturile comune de consolidare a posturii de descurajare \u0219i ap\u0103rare pe Flancul estic.<\/p>\n<p><a href=\"https:\/\/www.realitatea.net\/stiri\/actual\/ministerul-apararii-anunta-ca-personalul-militar-beneficiaza-si-in-2025-de-plata-orelor-suplimentare-drepturile-financiare-platite-in-integralitate-inclusiv-pentru-februarie_67b76162c09ea943ec04be42\" target=\"_blank\">Ministerul Ap\u0103r\u0103rii: Personalul militar beneficiaz\u0103 \u015fi \u00een 2025 de plata orelor suplimentare. Drepturile financiare, pl\u0103tite \u00een integralitate inclusiv pentru februarie<\/a>\u00cen contextul preg\u0103tirilor pentru Summitul NATO de la Haga, ce va avea loc \u00een luna iunie, cei doi oficiali au discutat priorit\u0103\u021bile strategice ale Alian\u021bei, cu accent pe unitatea \u0219i coeren\u021ba r\u0103spunsului aliat la provoc\u0103rile de securitate emergente. Oficialul rom\u00e2n a transmis sprijinul Rom\u00e2niei pentru obiectivele secretarului general \u00een preg\u0103tirea reuniunii liderilor.Ministrul T\u00eelv\u0103r a accentuat importan\u021ba strategic\u0103 a regiunii M\u0103rii Negre pentru securitatea euro-atlantic\u0103 \u0219i necesitatea men\u021binerii acesteia \u00een prim-planul agendei NATO. Oficialul rom\u00e2n a adus \u00een aten\u021bie provoc\u0103rile generate de atacurile cu drone ale Federa\u021biei Ruse asupra infrastructurii critice ucrainene din zona Dun\u0103rii. Totodat\u0103, acesta a eviden\u021biat contribu\u021bia Rom\u00e2niei \u00een sprijinul Ucrainei. \u00cen context, a subliniat rezultatele foarte bune ale Centrului European de Instruire F-16 care a fost \u00eenfiin\u021bat \u00een \u021bara noastr\u0103.\u00cen cadrul \u00eentrevederii, au fost trecute \u00een revist\u0103 contribu\u021biile Rom\u00e2niei la postura de ap\u0103rare aliat\u0103, inclusiv participarea activ\u0103 la Grupurile de lupt\u0103 din Polonia (din 2017), Bulgaria \u0219i Slovacia. Ministrul a subliniat \u0219i implicarea Rom\u00e2niei \u00een misiuni de Poli\u021bie Aerian\u0103 \u00cent\u0103rit\u0103, inclusiv prin dislocarea unui deta\u0219ament de aeronave F-16 \u00een Lituania, \u00een perioada aprilie &#8211; iulie 2025.<\/p>\n<p><a title=\"Ministrul Apararii, despre militarii care au activat ca mercenari: Am cerut o analiza si vom lua o decizie\" href=\"https:\/\/www.realitatea.net\/stiri\/actual\/ministrul-apararii-despre-militari-care-au-activat-ca-mercenari-am-cerut-o-analiza-si-vom-lua-o-decizie_67c06575566e6434f872fdd1\">Ministrul Ap\u0103r\u0103rii, despre militarii care au activat ca mercenari: Am cerut o analiz\u0103 \u0219i vom lua o decizie<\/a>Referitor la angajamentele bugetare, ministrul T\u00eelv\u0103r a reafirmat faptul c\u0103 Rom\u00e2nia continu\u0103 s\u0103 \u00ee\u0219i respecte angajamentele fa\u021b\u0103 de NATO, aloc\u00e2nd peste 2% din PIB pentru ap\u0103rare \u00een anul 2024, iar \u00een 2025, bugetul destinat ap\u0103r\u0103rii dep\u0103\u0219e\u0219te din nou pragul de 2%, sus\u021bin\u00e2nd astfel desf\u0103\u0219urarea eficient\u0103 a proiectelor majore de \u00eenzestrare. Oficialul rom\u00e2n a eviden\u021biat nevoia de a cre\u0219te capacitatea de produc\u021bie a industriei de profil din Europa.Ministrul Ap\u0103r\u0103rii Na\u021bionale a subliniat, totodat\u0103, importan\u021ba exerci\u021biilor multina\u021bionale, amintind participarea cu succes a Rom\u00e2niei la exerci\u021biul Steadfast Dart 25, cel mai amplu exerci\u021biu NATO din acest an. Desf\u0103\u0219urat pe teritoriile Rom\u00e2niei, Bulgariei \u0219i Greciei, exerci\u021biul a reunit aproximativ 10.000 de militari din nou\u0103 state aliate, demonstr\u00e2nd capacitatea NATO de a mobiliza rapid for\u021be pentru ap\u0103rarea colectiv\u0103, \u00een conformitate cu noile planuri de ap\u0103rare ale Alian\u021bei.\u00cen \u00eencheiere, a fost reconfirmat\u0103 importan\u021ba sprijinirii partenerilor din regiunea M\u0103rii Negre, cu un accent deosebit pe Republica Moldova, \u00een vederea consolid\u0103rii rezilien\u021bei \u0219i securit\u0103\u021bii \u00een proximitatea estic\u0103 a Alian\u021bei, mai arat\u0103 MApN.<\/p>\n<p><a title=\"Angel Tilvar: Fortele Aeriene Romane vor apara spatiul aerian national si aliat cu trei escadrile inzestrate cu avioane de lupta F-16\" href=\"https:\/\/www.realitatea.net\/stiri\/actual\/angel-tilvar-fortele-aeriene-romane-vor-apara-spatiul-aerian-national-si-aliat-cu-trei-escadrile-inzestrate-cu-avioane-de-lupta-f16_67d04201ab79e7096f20cbc2\">Angel T\u00eelv\u0103r: For\u021bele Aeriene Rom\u00e2ne vor ap\u0103ra spa\u021biul aerian na\u0163ional \u015fi aliat cu trei escadrile \u00eenzestrate cu avioane de lupt\u0103 F-16<\/a><\/p>","protected":false},"excerpt":{"rendered":"<p>&#8222;Cu un r\u0103zboi la grani\u021b\u0103 \u0219i \u00eentr-un climat geopolitic impredictibil, este esen\u021bial s\u0103 demonstr\u0103m unitate&hellip;<\/p>\n","protected":false},"author":0,"featured_media":42558,"comment_status":"open","ping_status":"open","sticky":false,"template":"","format":"standard","meta":{"footnotes":""},"categories":[2],"tags":[],"class_list":["post-42559","post","type-post","status-publish","format-standard","has-post-thumbnail","hentry","category-actual"],"_links":{"self":[{"href":"https:\/\/247stiri.ro\/index.php\/wp-json\/wp\/v2\/posts\/42559","targetHints":{"allow":["GET"]}}],"collection":[{"href":"https:\/\/247stiri.ro\/index.php\/wp-json\/wp\/v2\/posts"}],"about":[{"href":"https:\/\/247stiri.ro\/index.php\/wp-json\/wp\/v2\/types\/post"}],"replies":[{"embeddable":true,"href":"https:\/\/247stiri.ro\/index.php\/wp-json\/wp\/v2\/comments?post=42559"}],"version-history":[{"count":0,"href":"https:\/\/247stiri.ro\/index.php\/wp-json\/wp\/v2\/posts\/42559\/revisions"}],"wp:featuredmedia":[{"embeddable":true,"href":"https:\/\/247stiri.ro\/index.php\/wp-json\/wp\/v2\/media\/42558"}],"wp:attachment":[{"href":"https:\/\/247stiri.ro\/index.php\/wp-json\/wp\/v2\/media?parent=42559"}],"wp:term":[{"taxonomy":"category","embeddable":true,"href":"https:\/\/247stiri.ro\/index.php\/wp-json\/wp\/v2\/categories?post=42559"},{"taxonomy":"post_tag","embeddable":true,"href":"https:\/\/247stiri.ro\/index.php\/wp-json\/wp\/v2\/tags?post=42559"}],"curies":[{"name":"wp","href":"https:\/\/api.w.org\/{rel}","templated":true}]}}