{"id":42563,"date":"2025-03-25T20:45:06","date_gmt":"2025-03-25T20:45:06","guid":{"rendered":"https:\/\/247stiri.ro\/index.php\/2025\/03\/25\/general-care-a-comandat-trupele-americane-in-europa-previziune-sumbra-daca-ucraina-cade-rusia-va-bate-la-usa-romaniei-in-cativa-ani-poate-mai-devreme\/"},"modified":"2025-03-25T20:45:06","modified_gmt":"2025-03-25T20:45:06","slug":"general-care-a-comandat-trupele-americane-in-europa-previziune-sumbra-daca-ucraina-cade-rusia-va-bate-la-usa-romaniei-in-cativa-ani-poate-mai-devreme","status":"publish","type":"post","link":"https:\/\/247stiri.ro\/index.php\/2025\/03\/25\/general-care-a-comandat-trupele-americane-in-europa-previziune-sumbra-daca-ucraina-cade-rusia-va-bate-la-usa-romaniei-in-cativa-ani-poate-mai-devreme\/","title":{"rendered":"General care a comandat trupele americane \u00een Europa, previziune sumbr\u0103. Dac\u0103 Ucraina cade, Rusia va bate la u\u0219a Rom\u00e2niei \u00een c\u00e2\u021biva ani, poate mai devreme"},"content":{"rendered":"<p>\u201eEuropa va trebui s\u0103 suporte consecin\u021bele dac\u0103 se va \u00eencheia un acord prost sau dac\u0103 Ucraina cade. Alte milioane de refugia\u021bi vor veni \u00een Rom\u00e2nia, Polonia \u0219i Germania. Nu va mai fi nicio speran\u021b\u0103 pentru reconstruc\u021bie, iar \u00een c\u00e2\u021biva ani Rusia o s\u0103 v\u0103 bat\u0103 la u\u0219\u0103, dac\u0103 nu chiar mai devreme. Este \u00een interesul Europei s\u0103 se implice serios \u00een a ajuta Ucraina s\u0103 \u00eenving\u0103 Rusia\u201d, a spus Ben Hodges la un post TV.<\/p>\n<p>Generalul care cunoa\u0219te perfect realit\u0103\u021bile geostrategice ale spa\u021biului exsovietic a indicat faptul c\u0103 Republica Moldova va deveni, previzibil, urm\u0103toarea \u021bint\u0103 a Rusiei.<\/p>\n<p>\u201eAu atacat Ucraina care este o \u021bar\u0103 european\u0103, au atacat Georgia, cel mai probabil vor ataca Republica Moldova. Deja au \u00eentreprins ac\u021biuni foarte periculoase de violare a spa\u021biului aerian, de sabotaj \u0219i crime. Deja fac asta. Oamenii, inclusiv din Rom\u00e2nia, trebuie s\u0103 se trezeasc\u0103 la realitatea amenin\u021b\u0103rii\u201d, a comentat fostul comandant al trupelor SUA din Europa.<\/p>","protected":false},"excerpt":{"rendered":"<p>\u201eEuropa va trebui s\u0103 suporte consecin\u021bele dac\u0103 se va \u00eencheia un acord prost sau dac\u0103&hellip;<\/p>\n","protected":false},"author":0,"featured_media":42556,"comment_status":"open","ping_status":"open","sticky":false,"template":"","format":"standard","meta":{"footnotes":""},"categories":[2],"tags":[],"class_list":["post-42563","post","type-post","status-publish","format-standard","has-post-thumbnail","hentry","category-actual"],"_links":{"self":[{"href":"https:\/\/247stiri.ro\/index.php\/wp-json\/wp\/v2\/posts\/42563","targetHints":{"allow":["GET"]}}],"collection":[{"href":"https:\/\/247stiri.ro\/index.php\/wp-json\/wp\/v2\/posts"}],"about":[{"href":"https:\/\/247stiri.ro\/index.php\/wp-json\/wp\/v2\/types\/post"}],"replies":[{"embeddable":true,"href":"https:\/\/247stiri.ro\/index.php\/wp-json\/wp\/v2\/comments?post=42563"}],"version-history":[{"count":0,"href":"https:\/\/247stiri.ro\/index.php\/wp-json\/wp\/v2\/posts\/42563\/revisions"}],"wp:featuredmedia":[{"embeddable":true,"href":"https:\/\/247stiri.ro\/index.php\/wp-json\/wp\/v2\/media\/42556"}],"wp:attachment":[{"href":"https:\/\/247stiri.ro\/index.php\/wp-json\/wp\/v2\/media?parent=42563"}],"wp:term":[{"taxonomy":"category","embeddable":true,"href":"https:\/\/247stiri.ro\/index.php\/wp-json\/wp\/v2\/categories?post=42563"},{"taxonomy":"post_tag","embeddable":true,"href":"https:\/\/247stiri.ro\/index.php\/wp-json\/wp\/v2\/tags?post=42563"}],"curies":[{"name":"wp","href":"https:\/\/api.w.org\/{rel}","templated":true}]}}