{"id":42572,"date":"2025-03-25T21:45:58","date_gmt":"2025-03-25T21:45:58","guid":{"rendered":"https:\/\/247stiri.ro\/index.php\/2025\/03\/25\/accident-aerian-in-franta-doua-avioane-militare-s-au-ciocnit-in-zbor\/"},"modified":"2025-03-25T21:45:58","modified_gmt":"2025-03-25T21:45:58","slug":"accident-aerian-in-franta-doua-avioane-militare-s-au-ciocnit-in-zbor","status":"publish","type":"post","link":"https:\/\/247stiri.ro\/index.php\/2025\/03\/25\/accident-aerian-in-franta-doua-avioane-militare-s-au-ciocnit-in-zbor\/","title":{"rendered":"Accident aerian \u00een Fran\u021ba: dou\u0103 avioane militare s-au ciocnit \u00een zbor"},"content":{"rendered":"<p>Cei trei membri ai echipajului s-au catapultat la timp<\/p>\n<p><a href=\"https:\/\/www.realitatea.net\/stiri\/actual\/o-companie-aeriana-elimina-platile-cash-la-bordul-avioanelor-incepand-cu-luna-aprilie-tot-ce-trebuie-sa-stie-pasagerii_67cf0197a8e997559c0a1812\" target=\"_blank\">Incidentul s-a produs<\/a> \u00een jurul orei locale 15:35 (16:35, ora Rom\u00e2niei), \u00een apropierea Bazei Aeriene 113 Saint-Dizier. Potrivit For\u021belor Aeriene Franceze, cei doi pilo\u021bi \u0219i un pasager aflat la bord s-au putut catapulta la timp \u0219i au fost g\u0103si\u021bi \u00een via\u021b\u0103.<\/p>\n<p>Conform autorit\u0103\u021bilor, starea lor este stabil\u0103, fiind considera\u021bi \u00eentr-o \u201eurgen\u021b\u0103 relativ\u0103\u201d. Doi dintre supravie\u021buitori au fost transporta\u021bi la Spitalul Saint-Dizier pentru \u00eengrijiri medicale, \u00een timp ce al treilea, care a suferit politraumatisme, a fost preluat de armat\u0103.<\/p>\n<p>Un avion s-a pr\u0103bu\u0219it peste un siloz, provoc\u00e2nd un incendiu<\/p>\n<p>\u00cen urma coliziunii, unul dintre avioane s-a pr\u0103bu\u0219it peste un siloz apar\u021bin\u00e2nd unei \u00eentreprinderi de beton, situat\u0103 \u00een apropierea bazei aeriene. Impactul a declan\u0219at un incendiu, \u00eens\u0103 pompierii au intervenit rapid pentru a-l stinge. Din fericire, nicio persoan\u0103 civil\u0103 nu a fost r\u0103nit\u0103.<\/p>\n<p>Reprezentan\u021bii \u00eentreprinderii afectate au confirmat prezen\u021ba echipajelor de interven\u021bie, inclusiv pompieri, paramedici \u0219i for\u021be de ordine, care au ac\u021bionat imediat pentru a gestiona situa\u021bia.<\/p>\n<p>\u00cen urma incidentului, autorit\u0103\u021bile franceze au activat Planul SATER (Sauvetage A\u00e9ro-Terrestre), un protocol special utilizat \u00een situa\u021biile de urgen\u021b\u0103 aviatic\u0103 pentru localizarea \u0219i salvarea echipajelor implicate \u00een accidente.<\/p>\n<p>Ministrul francez al Ap\u0103r\u0103rii, S\u00e9bastien Lecornu, a transmis un mesaj pe re\u021beaua X, asigur\u00e2nd c\u0103 Ministerul Ap\u0103r\u0103rii \u0219i Ministerul de Interne colaboreaz\u0103 str\u00e2ns pentru gestionarea situa\u021biei \u0219i desf\u0103\u0219urarea anchetei.<\/p>\n<p>Un nou accident dup\u0103 tragedia din 2024<\/p>\n<p><a href=\"https:\/\/www.realitatea.net\/stiri\/actual\/ministerul-apararii-adauga-cinci-in-dotare-cinci-avioane-iar99-sm-modernizate-la-fabrica-de-avioane-craiova_67d1aebcbfd3f376ab56dc53\" target=\"_blank\">Acest incident readuce<\/a> \u00een aten\u021bie un accident similar petrecut \u00een august 2024, c\u00e2nd doi pilo\u021bi ai Escadronului Transform\u0103rii Rafale de la aceea\u0219i baz\u0103 aerian\u0103 au murit \u00een urma unei coliziuni aviatice \u00eentr-o zon\u0103 \u00eemp\u0103durit\u0103 din Lorraine.<\/p>\n<p>Ancheta privind coliziunea dintre cele dou\u0103 Alpha Jet-uri este \u00een curs de desf\u0103\u0219urare, urm\u00e2nd s\u0103 stabileasc\u0103 exact cauzele producerii accidentului.\u00a0<\/p>","protected":false},"excerpt":{"rendered":"<p>Cei trei membri ai echipajului s-au catapultat la timp Incidentul s-a produs \u00een jurul orei&hellip;<\/p>\n","protected":false},"author":0,"featured_media":42573,"comment_status":"open","ping_status":"open","sticky":false,"template":"","format":"standard","meta":{"footnotes":""},"categories":[4],"tags":[],"class_list":["post-42572","post","type-post","status-publish","format-standard","has-post-thumbnail","hentry","category-extern"],"_links":{"self":[{"href":"https:\/\/247stiri.ro\/index.php\/wp-json\/wp\/v2\/posts\/42572","targetHints":{"allow":["GET"]}}],"collection":[{"href":"https:\/\/247stiri.ro\/index.php\/wp-json\/wp\/v2\/posts"}],"about":[{"href":"https:\/\/247stiri.ro\/index.php\/wp-json\/wp\/v2\/types\/post"}],"replies":[{"embeddable":true,"href":"https:\/\/247stiri.ro\/index.php\/wp-json\/wp\/v2\/comments?post=42572"}],"version-history":[{"count":0,"href":"https:\/\/247stiri.ro\/index.php\/wp-json\/wp\/v2\/posts\/42572\/revisions"}],"wp:featuredmedia":[{"embeddable":true,"href":"https:\/\/247stiri.ro\/index.php\/wp-json\/wp\/v2\/media\/42573"}],"wp:attachment":[{"href":"https:\/\/247stiri.ro\/index.php\/wp-json\/wp\/v2\/media?parent=42572"}],"wp:term":[{"taxonomy":"category","embeddable":true,"href":"https:\/\/247stiri.ro\/index.php\/wp-json\/wp\/v2\/categories?post=42572"},{"taxonomy":"post_tag","embeddable":true,"href":"https:\/\/247stiri.ro\/index.php\/wp-json\/wp\/v2\/tags?post=42572"}],"curies":[{"name":"wp","href":"https:\/\/api.w.org\/{rel}","templated":true}]}}