{"id":42576,"date":"2025-03-25T21:46:01","date_gmt":"2025-03-25T21:46:01","guid":{"rendered":"https:\/\/247stiri.ro\/index.php\/2025\/03\/25\/elena-merisoreanu-a-ajuns-la-spital-pe-perfuzii-ce-a-patit-populara-cantareata-de-muzica-populara\/"},"modified":"2025-03-25T21:46:01","modified_gmt":"2025-03-25T21:46:01","slug":"elena-merisoreanu-a-ajuns-la-spital-pe-perfuzii-ce-a-patit-populara-cantareata-de-muzica-populara","status":"publish","type":"post","link":"https:\/\/247stiri.ro\/index.php\/2025\/03\/25\/elena-merisoreanu-a-ajuns-la-spital-pe-perfuzii-ce-a-patit-populara-cantareata-de-muzica-populara\/","title":{"rendered":"Elena Meri\u0219oreanu a ajuns la spital, pe perfuzii. Ce a p\u0103\u021bit populara c\u00e2nt\u0103rea\u021b\u0103 de muzic\u0103 popular\u0103"},"content":{"rendered":"<p>Solista Elena Meri\u0219oreanu, \u00een v\u00e2rst\u0103 de 78 de ani, a luat o decizie impulsiv\u0103, care i-a agravat starea de s\u0103n\u0103tate, atunci c\u00e2nd, ner\u0103bd\u0103toare s\u0103-\u0219i vindece genunchiul afectat de o c\u0103z\u0103tur\u0103, a optat s\u0103-\u0219i taie singur\u0103 gipsul. \u00centr-un interviu exclusiv pentru Click!, artista a povestit despre momentele dificile prin care trece acum, de pe patul de spital, dezv\u0103luind cum aceast\u0103 alegere necugetat\u0103 a dus la complica\u021bii nea\u0219teptate.<\/p>\n<p>\u201eSunt \u00een spital, pe perfuzii, merge spre bine, dar \u00eenc\u0103 nu-mi vor da drumul, c\u0103 nu mi-a trecut infec\u021bia de la picior. Cum am ajuns a\u0219a? Mi-am t\u0103iat singur\u0103 gipsul, ca proasta, ca s\u0103 m\u0103 duc la o filmare, la o emisiune tv, \u0219i s-a infectat piciorul.<\/p>\n<p>Gipsul se taie u\u0219or, dac\u0103 ai foarfec\u0103 bun\u0103, l-am udat \u0219i l-am t\u0103iat. De-abia mi-l puseser\u0103 medicii, de vreo patru zile. Alunecasem prin curte, ghinionul meu, \u0219i mi-am distrus rotula!\u201d.<\/p>\n<p>Solista de muzic\u0103 popular\u0103, cunoscut\u0103 pentru talentul s\u0103u deosebit \u0219i pentru interpret\u0103rile pline de emo\u021bie, a trebuit s\u0103 \u00eenfrunte o provocare major\u0103 \u00een urm\u0103 cu c\u00e2\u021biva ani, trec\u00e2nd prin dou\u0103 interven\u021bii chirurgicale la genunchi pentru a sc\u0103pa de durerile atroce care \u00eei afectau mobilitatea. Opera\u021biile, realizate la Spitalul Foi\u0219or, au fost un capitol dificil \u00een via\u021ba sa, dar determinarea \u0219i voin\u021ba ei de a reveni pe scen\u0103 au fost mai puternice dec\u00e2t orice obstacol.<\/p>\n<p><a title=\"Elena Merisoreanu ii face concurenta lui Carmen Harra, Intrepreta ar fi prezis 2 tragedii, inclusiv CUTREMURUL din 1977\" href=\"https:\/\/www.realitatea.net\/stiri\/lifestyle\/elena-merisoreanu-ii-face-concurenta-lui-carmen-harra-intrepreta-ar-fi-prezis-2-tragedii-inclusiv-cutremurul-din-1977_66f8f8e05201c2130868aa82\">Elena Meri\u0219oreanu \u00eei face concuren\u021b\u0103 lui Carmen Harra, Intrepreta ar fi prezis 2 tragedii, inclusiv CUTREMURUL din 1977<\/a><\/p>\n<p>\u201e\u00cemi operasem primul picior \u0219i am v\u0103zut c\u0103-mi este foarte bine. Nu mai f\u0103ceam fa\u021b\u0103 doar cu injec\u021biile \u00een genunchi, a\u0219a c\u0103 am decis s\u0103-l operez \u0219i pe cel de-al doilea, ca s\u0103 scap de dureri pentru totdeauna. M-am recuperat bine, ini\u021bial am mers cu ajutorul c\u00e2rjelor\u201d, spunea artista, \u00een urm\u0103 cu doi ani.<\/p>\n<p>Aflat\u0103 \u00een prezent \u00een grija medicilor, \u00eentr-un spital din Bucure\u0219ti, Elena Meri\u0219oreanu sus\u021bine c\u0103 nu va pierde bani. Fiind \u00een Postul Pa\u0219telui, nu are invita\u021bii la petreceri:<\/p>\n<p>\u201eNu sunt chefuri acum, de-abia dup\u0103 Pa\u0219te, p\u00e2n\u0103 atunci \u00eemi revin. Aveam ni\u0219te invita\u021bii pe la emisiunile tv, pentru programul de S\u0103rb\u0103torile Pascale, al\u0103turi de al\u021bi arti\u0219ti, dar acum ce s\u0103 fac? Trebuie s\u0103 stau cuminte, ca s\u0103 mi se vindece genunchiul\u201d, a mai declarat Elena Meri\u0219oreanu.<\/p>\n<p>Pentru un recital, artista nu are un onorariu foarte mare, \u00een compara\u021bie cu al\u021bi colegi de breasl\u0103:\u00a0<\/p>\n<p>\u201eEu am \u0219i un impresar, el stabile\u0219te evenimentele. Eu iau \u00een jur de 1.000 de euro, la o nunt\u0103, iar \u00een str\u0103in\u0103tate uneori arti\u0219tii rom\u00e2ni iau mai mult, chiar \u0219i 1.500 de euro\u201d, a mai spus Elena Meri\u0219oreanu.<\/p>\n<p><a href=\"https:\/\/www.realitatea.net\/stiri\/actual\/cat-mai-cer-marii-artisti-romani-pentru-un-spectacol-in-2025-onorariile-pentru-smiley-andra-delia-loredana-groza-stefan-banica-jr-sau-horia-brenciu-dezvaluite-de-un-impresar_67d32076d458034fd249d66b\" target=\"_blank\">C\u00e2t mai cer marii arti\u0219ti rom\u00e2ni pentru un spectacol \u00een 2025. Onorariile pentru Smiley, Andra, Delia, Loredana Groza, \u0218tefan B\u0103nic\u0103 Jr sau Horia Brenciu, dezv\u0103luite de un impresar<\/a><\/p>","protected":false},"excerpt":{"rendered":"<p>Solista Elena Meri\u0219oreanu, \u00een v\u00e2rst\u0103 de 78 de ani, a luat o decizie impulsiv\u0103, care&hellip;<\/p>\n","protected":false},"author":0,"featured_media":42565,"comment_status":"open","ping_status":"open","sticky":false,"template":"","format":"standard","meta":{"footnotes":""},"categories":[2],"tags":[],"class_list":["post-42576","post","type-post","status-publish","format-standard","has-post-thumbnail","hentry","category-actual"],"_links":{"self":[{"href":"https:\/\/247stiri.ro\/index.php\/wp-json\/wp\/v2\/posts\/42576","targetHints":{"allow":["GET"]}}],"collection":[{"href":"https:\/\/247stiri.ro\/index.php\/wp-json\/wp\/v2\/posts"}],"about":[{"href":"https:\/\/247stiri.ro\/index.php\/wp-json\/wp\/v2\/types\/post"}],"replies":[{"embeddable":true,"href":"https:\/\/247stiri.ro\/index.php\/wp-json\/wp\/v2\/comments?post=42576"}],"version-history":[{"count":0,"href":"https:\/\/247stiri.ro\/index.php\/wp-json\/wp\/v2\/posts\/42576\/revisions"}],"wp:featuredmedia":[{"embeddable":true,"href":"https:\/\/247stiri.ro\/index.php\/wp-json\/wp\/v2\/media\/42565"}],"wp:attachment":[{"href":"https:\/\/247stiri.ro\/index.php\/wp-json\/wp\/v2\/media?parent=42576"}],"wp:term":[{"taxonomy":"category","embeddable":true,"href":"https:\/\/247stiri.ro\/index.php\/wp-json\/wp\/v2\/categories?post=42576"},{"taxonomy":"post_tag","embeddable":true,"href":"https:\/\/247stiri.ro\/index.php\/wp-json\/wp\/v2\/tags?post=42576"}],"curies":[{"name":"wp","href":"https:\/\/api.w.org\/{rel}","templated":true}]}}