{"id":42579,"date":"2025-03-25T22:44:59","date_gmt":"2025-03-25T22:44:59","guid":{"rendered":"https:\/\/247stiri.ro\/index.php\/2025\/03\/25\/decizia-soc-dupa-5-ani-de-la-moartea-lui-maradona-garda-de-corp-a-legendarului-fotbalist-arestata\/"},"modified":"2025-03-25T22:44:59","modified_gmt":"2025-03-25T22:44:59","slug":"decizia-soc-dupa-5-ani-de-la-moartea-lui-maradona-garda-de-corp-a-legendarului-fotbalist-arestata","status":"publish","type":"post","link":"https:\/\/247stiri.ro\/index.php\/2025\/03\/25\/decizia-soc-dupa-5-ani-de-la-moartea-lui-maradona-garda-de-corp-a-legendarului-fotbalist-arestata\/","title":{"rendered":"Decizia \u0219oc dup\u0103 5 ani de la moartea lui Maradona. Garda de corp a legendarului fotbalist, arestat\u0103"},"content":{"rendered":"<p class=\"selectable-text copyable-text x15bjb6t x1n2onr6\">Judec\u0103torii au considerat \u201erelevante referirile f\u0103cute de procuror cu privire la infrac\u0163iunea de sperjur\u201d, iar Julio Coria a fost adus luat cu c\u0103tu\u015fe din sala de judecat\u0103.<\/p>\n<p class=\"selectable-text copyable-text x15bjb6t x1n2onr6\">Legend\u0103 a fotbalului mondial \u015fi idol \u00een Argentina, juc\u0103torul a murit la v\u00e2rsta de 60 de ani \u00een urma unui atac de cord la o re\u015fedin\u0163\u0103 privat\u0103, unde se recupera dup\u0103 o opera\u0163ie pentru un hematom la cap.<\/p>\n<p class=\"selectable-text copyable-text x15bjb6t x1n2onr6\">Garda de corp\u00a0i-a f\u0103cut respira\u0163ie gur\u0103 la gur\u0103 p\u00e2n\u0103 la sosirea medicilor.<\/p>\n<p class=\"selectable-text copyable-text x15bjb6t x1n2onr6\">Parchetul a \u00eentrerupt de mai multe ori m\u0103rturia bodyguardului \u015fi a cerut ca acesta s\u0103 fie scos din sala de judecat\u0103, subliniind \u201econtradic\u0163iile \u015fi omisiunile\u201d din declara\u0163iile sale, ceea ce a dus la cererea de arestare pentru sperjur, o infrac\u0163iune care prevede o pedeaps\u0103 de p\u00e2n\u0103 la 10 ani. Bodyguardul a declarat c\u0103 nu a vorbit cu medicul personal al lui Maradona, acuzat \u0219i el \u00een acest caz, \u00eens\u0103 partea civil\u0103 a prezentat mai multe mesaje scrise schimbate de cei doi \u00eenainte \u015fi dup\u0103 ziua decesului starului. Julio Coria a declarat c\u0103 \u201enu-\u015fi aminte\u015fte\u201d, potrivit news.ro.<\/p>\n<p class=\"selectable-text copyable-text x15bjb6t x1n2onr6\">\u00cen baza acestor contradic\u021bii, procurorul general a cerut re\u0163inerea acestuia, sus\u0163in\u00e2nd c\u0103 martorul este \u201e\u00een mod evident un mincinos\u201d.<\/p>\n<p class=\"selectable-text copyable-text x15bjb6t x1n2onr6\">\u015eapte cadre medicale sunt \u00een prezent judecate pentru neglijen\u0163\u0103 care ar fi putut contribui la moartea lui Diego Maradona, \u00een noiembrie 2020. Ace\u015ftia risc\u0103 \u00eentre 8 \u015fi 25 de ani de \u00eenchisoare \u00eentr-un proces care a \u00eenceput la 11 martie \u015fi se preconizeaz\u0103 c\u0103 va dura p\u00e2n\u0103 \u00een iulie, cu dou\u0103 audieri pe s\u0103pt\u0103m\u00e2n\u0103 \u015fi aproape 120 de martori a\u015ftepta\u0163i s\u0103 depun\u0103 m\u0103rturie. Inculpa\u0163ii neag\u0103 orice responsabilitate pentru deces.<\/p>","protected":false},"excerpt":{"rendered":"<p>Judec\u0103torii au considerat \u201erelevante referirile f\u0103cute de procuror cu privire la infrac\u0163iunea de sperjur\u201d, iar&hellip;<\/p>\n","protected":false},"author":0,"featured_media":42580,"comment_status":"open","ping_status":"open","sticky":false,"template":"","format":"standard","meta":{"footnotes":""},"categories":[5],"tags":[],"class_list":["post-42579","post","type-post","status-publish","format-standard","has-post-thumbnail","hentry","category-sport"],"_links":{"self":[{"href":"https:\/\/247stiri.ro\/index.php\/wp-json\/wp\/v2\/posts\/42579","targetHints":{"allow":["GET"]}}],"collection":[{"href":"https:\/\/247stiri.ro\/index.php\/wp-json\/wp\/v2\/posts"}],"about":[{"href":"https:\/\/247stiri.ro\/index.php\/wp-json\/wp\/v2\/types\/post"}],"replies":[{"embeddable":true,"href":"https:\/\/247stiri.ro\/index.php\/wp-json\/wp\/v2\/comments?post=42579"}],"version-history":[{"count":0,"href":"https:\/\/247stiri.ro\/index.php\/wp-json\/wp\/v2\/posts\/42579\/revisions"}],"wp:featuredmedia":[{"embeddable":true,"href":"https:\/\/247stiri.ro\/index.php\/wp-json\/wp\/v2\/media\/42580"}],"wp:attachment":[{"href":"https:\/\/247stiri.ro\/index.php\/wp-json\/wp\/v2\/media?parent=42579"}],"wp:term":[{"taxonomy":"category","embeddable":true,"href":"https:\/\/247stiri.ro\/index.php\/wp-json\/wp\/v2\/categories?post=42579"},{"taxonomy":"post_tag","embeddable":true,"href":"https:\/\/247stiri.ro\/index.php\/wp-json\/wp\/v2\/tags?post=42579"}],"curies":[{"name":"wp","href":"https:\/\/api.w.org\/{rel}","templated":true}]}}