{"id":42587,"date":"2025-03-25T22:45:03","date_gmt":"2025-03-25T22:45:03","guid":{"rendered":"https:\/\/247stiri.ro\/index.php\/2025\/03\/25\/ziua-cea-mare-a-romanilor-adevarati-oamenii-ies-in-strada-de-ziua-lui-calin-georgescu-televiziunea-poporului-este-alaturi-de-suveranisti\/"},"modified":"2025-03-25T22:45:03","modified_gmt":"2025-03-25T22:45:03","slug":"ziua-cea-mare-a-romanilor-adevarati-oamenii-ies-in-strada-de-ziua-lui-calin-georgescu-televiziunea-poporului-este-alaturi-de-suveranisti","status":"publish","type":"post","link":"https:\/\/247stiri.ro\/index.php\/2025\/03\/25\/ziua-cea-mare-a-romanilor-adevarati-oamenii-ies-in-strada-de-ziua-lui-calin-georgescu-televiziunea-poporului-este-alaturi-de-suveranisti\/","title":{"rendered":"Ziua cea mare a rom\u00e2nilor adev\u0103ra\u021bi. Oamenii ies \u00een strad\u0103 de ziua lui C\u0103lin Georgescu, Televiziunea Poporului este al\u0103turi de suverani\u0219ti"},"content":{"rendered":"<p>Oameni din toate col\u021burile \u021b\u0103rii vin \u00een Bucure\u0219ti s\u0103 \u00eel s\u0103rb\u0103toreasc\u0103 pe C\u0103lin Georgescu despre care spun c\u0103 \u00eel doresc \u00een fruntea \u021b\u0103rii. \u00cen tot acest timp, liderul AUR, George Simion, a anun\u021bat c\u0103 va fi al\u0103turi de oameni \u0219i al\u0103turi de C\u0103lin Georgescu la acest eveniment unic \u00een \u021bara noastr\u0103.<\/p>\n<p>La ora 12:00, un eveniment va avea loc \u00een Pia\u021ba Constitu\u021biei, pentru ca \u00een cursul dup\u0103-amiezii s\u0103 aib\u0103 loc \u0219i miting sub egida AUR.<\/p>\n<p>Liderul AUR, George Simion, a transmis c\u0103 vor protesta \u00een fa\u021ba AEP la ora 16, dar \u0219i la 17.30, \u00een Pia\u021ba Victoriei \u0219i a f\u0103cut apel la to\u021bi cei care vor ie\u0219i \u00een strad\u0103 pentru a fi al\u0103turi de liderul mi\u0219c\u0103rii suveraniste, C\u0103lin Georgescu.<\/p>\n<p>\u0218i jurnalista Anca Alexandrescu a transmis g\u00e2ndurile cele mai bune tuturor celor care vor veni s\u0103-\u0219i exprime sprijinul pentru cel mai popular politician al momentului.<\/p>\n<p>\u201eEu m\u0103 a\u0219tept s\u0103 fie dou\u0103 manifest\u0103ri superbe, frumoase, pa\u0219nice, care s\u0103 arate unitatea valului suveranist. Asta cred c\u0103 \u00ee\u0219i dore\u0219te \u0219i C\u0103lin Georgescu, asta de fapt a \u0219i transmis. Va fi un test, dup\u0103 p\u0103rerea mea, pe care suverani\u0219tii \u00eel vor da \u00een fa\u021ba lui C\u0103lin Georgescu. Faptul c\u0103 nu l-au uitat, faptul c\u0103 nu sunt dezbina\u021bi, faptul c\u0103 vor merge p\u00e2n\u0103 la cap\u0103t, a\u0219a cum C\u0103lin Georgescu spunea \u00een mesajul pe care eu l-am dat asear\u0103, un mesaj mai vechi, c\u0103 este dispus s\u0103 mearg\u0103 p\u00e2n\u0103 la cap\u0103t, dar are nevoie ca partenerul s\u0103u s\u0103 fie poporul rom\u00e2n&#8221;.<\/p>","protected":false},"excerpt":{"rendered":"<p>Oameni din toate col\u021burile \u021b\u0103rii vin \u00een Bucure\u0219ti s\u0103 \u00eel s\u0103rb\u0103toreasc\u0103 pe C\u0103lin Georgescu despre&hellip;<\/p>\n","protected":false},"author":0,"featured_media":42586,"comment_status":"open","ping_status":"open","sticky":false,"template":"","format":"standard","meta":{"footnotes":""},"categories":[2],"tags":[],"class_list":["post-42587","post","type-post","status-publish","format-standard","has-post-thumbnail","hentry","category-actual"],"_links":{"self":[{"href":"https:\/\/247stiri.ro\/index.php\/wp-json\/wp\/v2\/posts\/42587","targetHints":{"allow":["GET"]}}],"collection":[{"href":"https:\/\/247stiri.ro\/index.php\/wp-json\/wp\/v2\/posts"}],"about":[{"href":"https:\/\/247stiri.ro\/index.php\/wp-json\/wp\/v2\/types\/post"}],"replies":[{"embeddable":true,"href":"https:\/\/247stiri.ro\/index.php\/wp-json\/wp\/v2\/comments?post=42587"}],"version-history":[{"count":0,"href":"https:\/\/247stiri.ro\/index.php\/wp-json\/wp\/v2\/posts\/42587\/revisions"}],"wp:featuredmedia":[{"embeddable":true,"href":"https:\/\/247stiri.ro\/index.php\/wp-json\/wp\/v2\/media\/42586"}],"wp:attachment":[{"href":"https:\/\/247stiri.ro\/index.php\/wp-json\/wp\/v2\/media?parent=42587"}],"wp:term":[{"taxonomy":"category","embeddable":true,"href":"https:\/\/247stiri.ro\/index.php\/wp-json\/wp\/v2\/categories?post=42587"},{"taxonomy":"post_tag","embeddable":true,"href":"https:\/\/247stiri.ro\/index.php\/wp-json\/wp\/v2\/tags?post=42587"}],"curies":[{"name":"wp","href":"https:\/\/api.w.org\/{rel}","templated":true}]}}