{"id":42604,"date":"2025-03-26T05:45:10","date_gmt":"2025-03-26T05:45:10","guid":{"rendered":"https:\/\/247stiri.ro\/index.php\/2025\/03\/26\/dosarul-cfr-21-de-persoane-plasate-sub-control-judiciar-dupa-perhezitiile-maraton-de-marti\/"},"modified":"2025-03-26T05:45:10","modified_gmt":"2025-03-26T05:45:10","slug":"dosarul-cfr-21-de-persoane-plasate-sub-control-judiciar-dupa-perhezitiile-maraton-de-marti","status":"publish","type":"post","link":"https:\/\/247stiri.ro\/index.php\/2025\/03\/26\/dosarul-cfr-21-de-persoane-plasate-sub-control-judiciar-dupa-perhezitiile-maraton-de-marti\/","title":{"rendered":"Dosarul CFR.  21 de persoane, plasate sub control judiciar dup\u0103 perhezi\u021biile maraton de mar\u021bi"},"content":{"rendered":"<p>Procurorul care instrumenteaz\u0103 dosarul \u00een care sunt implica\u0163i controlori de trafic \u015fi \u00eento\u0163itori de vagoane ai CFR a luat masura controlului judiciar pentru 21 de inculpa\u0163i, to\u0163i fiind anterior re\u0163inu\u0163i. Ceilal\u0163i sunt cerceta\u0163i \u00een stare de libertate.<\/p>\n<p>Poli\u0163i\u015ftii Sec\u0163iei Regionale de Poli\u0163ie Transporturi Bucure\u015fti au f\u0103cut, mar\u0163i, 39 de perchezi\u0163ii domiciliare \u00een Bucure\u015fti \u015fi \u00een 7 jude\u0163e, inclusiv la sediul CFR C\u0103l\u0103tori, \u00eentr-un dosar de abuz \u00een serviciu, delapidare, fals informatic, acces ilegal la un sistem informatic, fraud\u0103 informatic\u0103, fals intelectual \u015fi \u00een\u015fel\u0103ciune.<\/p>\n<p>Mai mul\u0163i controlori de trafic sunt acuza\u0163i c\u0103 ar fi blocat \u00een aplica\u0163ia oferit\u0103 de angajator posibilitatea ca CFR s\u0103 v\u00e2nd\u0103 anumite bilete, locurile fiind oferite unor persoane care nu pl\u0103teau. De asemenea, \u00eenso\u0163itori de vagoare ar fi colectat datele unor elevi care ar fi avut dreptul s\u0103 circule gratuit \u015fi au raportat \u00een fals datele, \u00eensu\u015findu-\u015fi banii. 35 de persoane au fost duse la audieri. Acestea s-au finalizat t\u00e2rziu \u00een noapte, 21 de persoane fiind re\u0163inute.<\/p>\n<p>CFR C\u0103l\u0103tori a precizat c\u0103 ofer\u0103 tot sprijinul necesar organelor judiciare. Statutul directorului Direc\u0163iei Comercial, Sorin Preda, \u015fi al \u015fefului Serviciului Deservire Vagoane Speciale, Doru B\u0103rbu\u015f, este acela de martor, a mai transmis CFR C\u0103l\u0103tori.<\/p>","protected":false},"excerpt":{"rendered":"<p>Procurorul care instrumenteaz\u0103 dosarul \u00een care sunt implica\u0163i controlori de trafic \u015fi \u00eento\u0163itori de vagoane&hellip;<\/p>\n","protected":false},"author":0,"featured_media":42605,"comment_status":"open","ping_status":"open","sticky":false,"template":"","format":"standard","meta":{"footnotes":""},"categories":[2],"tags":[],"class_list":["post-42604","post","type-post","status-publish","format-standard","has-post-thumbnail","hentry","category-actual"],"_links":{"self":[{"href":"https:\/\/247stiri.ro\/index.php\/wp-json\/wp\/v2\/posts\/42604","targetHints":{"allow":["GET"]}}],"collection":[{"href":"https:\/\/247stiri.ro\/index.php\/wp-json\/wp\/v2\/posts"}],"about":[{"href":"https:\/\/247stiri.ro\/index.php\/wp-json\/wp\/v2\/types\/post"}],"replies":[{"embeddable":true,"href":"https:\/\/247stiri.ro\/index.php\/wp-json\/wp\/v2\/comments?post=42604"}],"version-history":[{"count":0,"href":"https:\/\/247stiri.ro\/index.php\/wp-json\/wp\/v2\/posts\/42604\/revisions"}],"wp:featuredmedia":[{"embeddable":true,"href":"https:\/\/247stiri.ro\/index.php\/wp-json\/wp\/v2\/media\/42605"}],"wp:attachment":[{"href":"https:\/\/247stiri.ro\/index.php\/wp-json\/wp\/v2\/media?parent=42604"}],"wp:term":[{"taxonomy":"category","embeddable":true,"href":"https:\/\/247stiri.ro\/index.php\/wp-json\/wp\/v2\/categories?post=42604"},{"taxonomy":"post_tag","embeddable":true,"href":"https:\/\/247stiri.ro\/index.php\/wp-json\/wp\/v2\/tags?post=42604"}],"curies":[{"name":"wp","href":"https:\/\/api.w.org\/{rel}","templated":true}]}}