{"id":42611,"date":"2025-03-26T06:46:04","date_gmt":"2025-03-26T06:46:04","guid":{"rendered":"https:\/\/247stiri.ro\/index.php\/2025\/03\/26\/razboi-in-ucraina-ziua-1127-acordurile-anuntate-merg-in-directia-buna-dar-sunt-insuficiente-pentru-o-incetare-a-focului-durabila-live-text\/"},"modified":"2025-03-26T06:46:04","modified_gmt":"2025-03-26T06:46:04","slug":"razboi-in-ucraina-ziua-1127-acordurile-anuntate-merg-in-directia-buna-dar-sunt-insuficiente-pentru-o-incetare-a-focului-durabila-live-text","status":"publish","type":"post","link":"https:\/\/247stiri.ro\/index.php\/2025\/03\/26\/razboi-in-ucraina-ziua-1127-acordurile-anuntate-merg-in-directia-buna-dar-sunt-insuficiente-pentru-o-incetare-a-focului-durabila-live-text\/","title":{"rendered":"R\u0103zboi \u00een Ucraina, ziua 1127. Acordurile anun\u021bate merg \u00een direc\u021bia bun\u0103, dar sunt insuficiente pentru o \u00eencetare a focului durabil\u0103 &#8211; LIVE TEXT"},"content":{"rendered":"<p>&#8222;Un moratoriu asupra infrastructurilor energetice sau ini\u021biative \u00een Marea Neagr\u0103 sunt pa\u0219i \u00een direc\u021bia bun\u0103, dar nu sunt pa\u0219i suficien\u021bi pentru a stabili o \u00eencetare a focului durabil\u0103, solid\u0103, \u0219i cu at\u00e2t mai pu\u021bin un acord de pace&#8221;, a declarat un consilier al pre\u0219edintelui Emmanuel Macron \u00eentr-un briefing telefonic cu jurnali\u0219ti.<\/p>\n<p>Rusia trebuie s\u0103-\u0219i asume &#8222;angajamente solide, verificabile, la \u00een\u0103l\u021bimea celor pe care le-a luat pre\u0219edintele Zelenski pentru o \u00eencetare complet\u0103 a focului&#8221;, a subliniat el. &#8222;Pre\u0219edintele rus Vladimir Putin nu a acceptat nici \u00eencetarea focului, nici perioada de 30 de zile&#8221; pentru punerea sa \u00een aplicare, a continuat el.<\/p>\n<p>&#8222;\u0218tim din experien\u021b\u0103 de ce \u00een\u0219el\u0103ciuni \u0219i manipul\u0103ri s-a ar\u0103tat capabil\u0103 Rusia&#8221; \u00een cursul negocierilor de la Minsk privind Ucraina \u00een 2014-2015 \u0219i &#8222;dorim s\u0103 prevenim repetarea acestora&#8221;, a insistat consilierul.<\/p>\n<p>Kremlinul a avertizat c\u0103 acordurile anun\u021bate de Washington vor intra \u00een vigoare abia dup\u0103 ridicarea restric\u021biilor occidentale asupra comer\u021bului cu cereale \u0219i \u00eengr\u0103\u0219\u0103minte ruse\u0219ti.<\/p>\n<p>&#8222;Nu exist\u0103 sanc\u021biuni europene asupra produselor agricole&#8221; ruse\u0219ti, a ripostat Pre\u0219edin\u021bia francez\u0103. &#8222;Ru\u0219ii pot condi\u021biona \u00een continuare \u00een mod oportunist un progres par\u021bial spre o \u00eencetare a focului de ridicarea anumitor sanc\u021biuni&#8221;, a insistat aceasta, dar acestea r\u0103m\u00e2n &#8222;un instrument necesar de presiune asupra Rusiei&#8221;, a continuat.<\/p>\n<p>&#8222;Este esen\u021bial s\u0103 avertiz\u0103m Rusia c\u0103 vor fi luate m\u0103suri suplimentare \u00eempotriva sa dac\u0103 nu accept\u0103 \u0219i nu respect\u0103 \u00eencetarea focului&#8221;, a subliniat consilierul.<\/p>\n<p>Emmanuel Macron \u00eel va primi miercuri sear\u0103 pe omologul s\u0103u ucrainean Volodimir Zelenski pentru a &#8222;preg\u0103ti&#8221; summitul organizat a doua zi la Paris.<\/p>\n<p>Acest summit urmeaz\u0103 s\u0103 stabileasc\u0103 \u021b\u0103rile care vor fi dispuse s\u0103 trimit\u0103 un contingent militar pe teritoriul ucrainean \u00een cazul unui armisti\u021biu cu Rusia, a subliniat Volodimir Zelenski.<\/p>\n<p>Reuniunea, a treia de acest gen dup\u0103 cele de la Paris pe 17 februarie \u0219i Londra pe 2 martie, va reuni 31 de delega\u021bii \u0219i &#8222;va avea ca scop tragerea unor concluzii opera\u021bionale&#8221;, a precizat Pre\u0219edin\u021bia francez\u0103.<\/p>\n<p>Potrivit Londrei, peste 30 de \u021b\u0103ri sunt preg\u0103tite s\u0103 contribuie \u00eentr-un fel sau altul la punerea \u00een aplicare a acestor garan\u021bii, de\u0219i \u00eenc\u0103 nu este clar dac\u0103 vor lua forma unor trupe terestre sau a unei alte for\u021be de descurajare, aeriene sau de alt\u0103 natur\u0103.<\/p>\n<p>Consilierul preziden\u021bial a precizat c\u0103 &#8216;toate acestea se fac \u00een deplin\u0103 transparen\u021b\u0103 cu partenerii no\u0219tri americani&#8217; \u0219i c\u0103 pre\u0219edintele Macron \u00eel va informa pe omologul s\u0103u american Donald Trump despre rezultatele \u00eent\u00e2lnirii.<\/p>\n<p>Europenii cer Statelor Unite \u00een special o plas\u0103 de siguran\u021b\u0103 pentru a sprijini desf\u0103\u0219urarea de trupe \u00een Ucraina. &#8222;Trebuie s\u0103 garant\u0103m c\u0103 ru\u0219ii nu \u00eei vor face din nou Ucrainei ceea ce i-au f\u0103cut \u0219i c\u0103 liniile de pace din Ucraina vor servi pentru securitatea tuturor europenilor&#8221;, a subliniat pre\u0219edin\u021bia francez\u0103.\u00a0<\/p>\n<p>\u00a0<\/p>","protected":false},"excerpt":{"rendered":"<p>&#8222;Un moratoriu asupra infrastructurilor energetice sau ini\u021biative \u00een Marea Neagr\u0103 sunt pa\u0219i \u00een direc\u021bia bun\u0103,&hellip;<\/p>\n","protected":false},"author":0,"featured_media":42612,"comment_status":"open","ping_status":"open","sticky":false,"template":"","format":"standard","meta":{"footnotes":""},"categories":[4],"tags":[],"class_list":["post-42611","post","type-post","status-publish","format-standard","has-post-thumbnail","hentry","category-extern"],"_links":{"self":[{"href":"https:\/\/247stiri.ro\/index.php\/wp-json\/wp\/v2\/posts\/42611","targetHints":{"allow":["GET"]}}],"collection":[{"href":"https:\/\/247stiri.ro\/index.php\/wp-json\/wp\/v2\/posts"}],"about":[{"href":"https:\/\/247stiri.ro\/index.php\/wp-json\/wp\/v2\/types\/post"}],"replies":[{"embeddable":true,"href":"https:\/\/247stiri.ro\/index.php\/wp-json\/wp\/v2\/comments?post=42611"}],"version-history":[{"count":0,"href":"https:\/\/247stiri.ro\/index.php\/wp-json\/wp\/v2\/posts\/42611\/revisions"}],"wp:featuredmedia":[{"embeddable":true,"href":"https:\/\/247stiri.ro\/index.php\/wp-json\/wp\/v2\/media\/42612"}],"wp:attachment":[{"href":"https:\/\/247stiri.ro\/index.php\/wp-json\/wp\/v2\/media?parent=42611"}],"wp:term":[{"taxonomy":"category","embeddable":true,"href":"https:\/\/247stiri.ro\/index.php\/wp-json\/wp\/v2\/categories?post=42611"},{"taxonomy":"post_tag","embeddable":true,"href":"https:\/\/247stiri.ro\/index.php\/wp-json\/wp\/v2\/tags?post=42611"}],"curies":[{"name":"wp","href":"https:\/\/api.w.org\/{rel}","templated":true}]}}