{"id":42620,"date":"2025-03-26T06:46:08","date_gmt":"2025-03-26T06:46:08","guid":{"rendered":"https:\/\/247stiri.ro\/index.php\/2025\/03\/26\/manifest-pentru-democratie-poporul-iese-astazi-in-strada-de-ziua-lui-calin-georgescu-realitatea-plus-alaturi-de-romanii-patrioti-live-video-si-text\/"},"modified":"2025-03-26T06:46:08","modified_gmt":"2025-03-26T06:46:08","slug":"manifest-pentru-democratie-poporul-iese-astazi-in-strada-de-ziua-lui-calin-georgescu-realitatea-plus-alaturi-de-romanii-patrioti-live-video-si-text","status":"publish","type":"post","link":"https:\/\/247stiri.ro\/index.php\/2025\/03\/26\/manifest-pentru-democratie-poporul-iese-astazi-in-strada-de-ziua-lui-calin-georgescu-realitatea-plus-alaturi-de-romanii-patrioti-live-video-si-text\/","title":{"rendered":"Manifest pentru democra\u021bie. Poporul iese, ast\u0103zi, \u00een strad\u0103, de ziua lui C\u0103lin Georgescu. Realitatea PLUS, al\u0103turi de rom\u00e2nii patrio\u021bi &#8211; LIVE VIDEO \u0219i TEXT"},"content":{"rendered":"<p>Este ziua cea mare a manifesta\u021biei pentru democra\u021bie! Rom\u00e2nii se adun\u0103, ast\u0103zi, \u00een strad\u0103, pentru a s\u0103rb\u0103tori ziua lui C\u0103lin Georgescu. Oamenii cer o \u021bar\u0103 liber\u0103 \u0219i s\u0103 le fie respectate drepturile.\u00a0<\/p>\n<p>Rom\u00e2ni din toate col\u021burile \u021b\u0103rii \u0219i-au anun\u021bat prezen\u021ba \u00een Bucure\u0219ti la acest eveniment f\u0103r\u0103 precedent.\u00a0<\/p>\n<p>Realitatea PLUS, televiziunea poporului, este al\u0103turi de rom\u00e2ni \u0219i transmite, or\u0103 de or\u0103, de la cel mai important manifest.<\/p>\n\n<p>Liderul AUR, George Simion, a anun\u021bat c\u0103 va fi al\u0103turi de oameni \u0219i al\u0103turi de C\u0103lin Georgescu la acest eveniment unic \u00een \u021bara noastr\u0103.<\/p>\n<p>La ora 12:00, un eveniment va avea loc \u00een Pia\u021ba Constitu\u021biei, pentru ca \u00een cursul dup\u0103-amiezii s\u0103 aib\u0103 loc \u0219i un miting sub egida AUR.<\/p>\n<p>Simion a transmis c\u0103 vor protesta \u00een fa\u021ba AEP la ora 16:00, dar \u0219i la 17.30, \u00een Pia\u021ba Victoriei.<\/p>\n<p>\u00a0<\/p>","protected":false},"excerpt":{"rendered":"<p>Este ziua cea mare a manifesta\u021biei pentru democra\u021bie! Rom\u00e2nii se adun\u0103, ast\u0103zi, \u00een strad\u0103, pentru&hellip;<\/p>\n","protected":false},"author":0,"featured_media":42614,"comment_status":"open","ping_status":"open","sticky":false,"template":"","format":"standard","meta":{"footnotes":""},"categories":[2],"tags":[],"class_list":["post-42620","post","type-post","status-publish","format-standard","has-post-thumbnail","hentry","category-actual"],"_links":{"self":[{"href":"https:\/\/247stiri.ro\/index.php\/wp-json\/wp\/v2\/posts\/42620","targetHints":{"allow":["GET"]}}],"collection":[{"href":"https:\/\/247stiri.ro\/index.php\/wp-json\/wp\/v2\/posts"}],"about":[{"href":"https:\/\/247stiri.ro\/index.php\/wp-json\/wp\/v2\/types\/post"}],"replies":[{"embeddable":true,"href":"https:\/\/247stiri.ro\/index.php\/wp-json\/wp\/v2\/comments?post=42620"}],"version-history":[{"count":0,"href":"https:\/\/247stiri.ro\/index.php\/wp-json\/wp\/v2\/posts\/42620\/revisions"}],"wp:featuredmedia":[{"embeddable":true,"href":"https:\/\/247stiri.ro\/index.php\/wp-json\/wp\/v2\/media\/42614"}],"wp:attachment":[{"href":"https:\/\/247stiri.ro\/index.php\/wp-json\/wp\/v2\/media?parent=42620"}],"wp:term":[{"taxonomy":"category","embeddable":true,"href":"https:\/\/247stiri.ro\/index.php\/wp-json\/wp\/v2\/categories?post=42620"},{"taxonomy":"post_tag","embeddable":true,"href":"https:\/\/247stiri.ro\/index.php\/wp-json\/wp\/v2\/tags?post=42620"}],"curies":[{"name":"wp","href":"https:\/\/api.w.org\/{rel}","templated":true}]}}