{"id":42638,"date":"2025-03-26T07:45:00","date_gmt":"2025-03-26T07:45:00","guid":{"rendered":"https:\/\/247stiri.ro\/index.php\/2025\/03\/26\/vouchere-de-vacanta-2025-romanii-ar-putea-primii-banii-pe-card-care-este-valoarea-sumei-acordate-de-stat\/"},"modified":"2025-03-26T07:45:00","modified_gmt":"2025-03-26T07:45:00","slug":"vouchere-de-vacanta-2025-romanii-ar-putea-primii-banii-pe-card-care-este-valoarea-sumei-acordate-de-stat","status":"publish","type":"post","link":"https:\/\/247stiri.ro\/index.php\/2025\/03\/26\/vouchere-de-vacanta-2025-romanii-ar-putea-primii-banii-pe-card-care-este-valoarea-sumei-acordate-de-stat\/","title":{"rendered":"Vouchere de vacan\u021b\u0103 2025. Rom\u00e2nii ar putea primii banii pe card: care este valoarea sumei acordate de stat"},"content":{"rendered":"<p>&#8222;O comisie a Ministerului Economiei, Digitaliz\u0103rii, Antreprenoriatului \u0219i Turismului (MEDAT), Ministerului de Finan\u021be, Ministerului Muncii \u0219i c\u00e2\u021biva reprezentan\u021bi ai industriei, emiten\u021bii de tichete \u0219i FHR, al\u0103turi de ANAT, s-a reunit, la Bucure\u0219ti, ca s\u0103 d\u0103m o dat\u0103 drumul la normele de aplicare la vouchere de vacan\u021b\u0103. \u0218ti\u021bi c\u0103 s-a redus cuantumul suportat de stat de la 1.600 lei la 800 lei pentru vouchere, dar nici m\u0103car n-au avut o exprimare fericit\u0103 \u00een acea &#8222;ordonan\u021b\u0103 trenule\u021b&#8221; \u0219i de aceea nu puteam s\u0103 o aplic\u0103m. P\u00e2n\u0103 acum nu s-au dat vouchere de vacan\u021b\u0103, pentru c\u0103 nu existau norme de aplicare. \u00cencercarea noastr\u0103 a fost c\u0103, dac\u0103 totu\u0219i s-au redus valoric s\u0103 nu punem presiune suplimentar\u0103 nici pe angajat &#8211; s\u0103 vin\u0103 el \u00eent\u00e2i cu bani de acas\u0103 c\u0103 o s\u0103 deconteze c\u00e2ndva, cineva &#8211; pentru c\u0103 am f\u0103cut ni\u0219te studii interne \u0219i am ajuns la concluzia c\u0103 85% din ei ar renun\u021ba \u00een condi\u021biile acestea. Nu func\u021bioneaz\u0103 a\u0219a \u0219i cred c\u0103 am ob\u021binut s\u0103 le punem banii pe card \u0219i gata, s\u0103 nu trebuiasc\u0103 ca ei s\u0103 crediteze statul \u00eenainte&#8221;, a declarat Adrian Voican, vicepre\u0219edintele Asocia\u021biei Na\u021bionale a Agen\u021biilor de Turism (ANAT).<\/p>\n<p>El a precizat c\u0103 prin virarea celor 800 de lei pe card, nu se va pune presiune nici pe angajator \u00een sensul de a se transforma &#8222;\u00eentr-un fel de poli\u021bie economic\u0103&#8221; care s\u0103 str\u00e2ng\u0103 facturi, OP-uri, carduri, ca s\u0103 dovedeasc\u0103 c\u0103 au fost cheltui\u021bi 1.600 de lei.<\/p>\n<p>&#8222;P\u00e2n\u0103 la urm\u0103, toat\u0103 aceast\u0103 subven\u021bie s-a redus la 800 lei, din care 160 lei sunt CASS \u0219i impozit pe venit, mai r\u0103m\u00e2n 640 lei. C\u00e2t\u0103 poli\u021bie s\u0103 faci pentru 640 de lei? Probabil c\u0103 s-a ajuns la o declara\u021bie pe proprie r\u0103spundere \u0219i o aten\u021bionare din partea comercian\u021bilor, ca s\u0103 nu fie presiune nici pe ei. (&#8230;) Sper c\u0103 dup\u0103 aceast\u0103 \u00eent\u00e2lnire am ajuns la o concluzie \u00een sf\u00e2r\u0219it \u0219i o s\u0103 apar\u0103 un ordin de ministru cu normele de aplicare sau unul interministerial, cu normele de aplicare, \u0219i o s\u0103 debloc\u0103m voucherele de vacan\u021b\u0103&#8221;, a mai spus Voican.<\/p>\n<p>Reprezentan\u021bii din industria turismului au sus\u021binut \u00eentotdeauna c\u0103 vouchere de vacan\u021b\u0103 \u0219i-au dovedit eficien\u021ba pentru c\u0103 banii s-au \u00eentors \u00een economie, iar &#8222;turismul a trecut la alb&#8221;.<\/p>\n<p>&#8222;\u00cen 2006, aveam 6.000 de unit\u0103\u021bi de cazare \u0219i am ajuns ast\u0103zi s\u0103 avem 26.000 de unit\u0103\u021bi de cazare cu 585.000 de locuri \u00een Rom\u00e2nia. \u0218i sunt destul de m\u00e2ndru de cifra asta, pentru c\u0103 turismul acesta este turism la alb. A\u0219 mai reaminti dou\u0103 cifre: am spus 30 de milioane de nop\u021bi de cazare. Este pentru prima oar\u0103 c\u00e2nd Rom\u00e2nia dep\u0103\u0219e\u0219te aceast\u0103 cifr\u0103. Am fost \u00een 2019 la 29,8 milioane, dar acum am dep\u0103\u0219it chiar 30 de milioane de nop\u021bi de cazare \u0219i 14 milioane de turi\u0219ti sosi\u021bi la recep\u021biile unit\u0103\u021bilor de cazare clasificate, parc\u0103 14,24 milioane dac\u0103 nu gre\u0219esc. E prima oar\u0103 c\u00e2nd dep\u0103\u0219im aceast\u0103 cifr\u0103. Dintre ace\u0219tia, 11,8 milioane sunt rom\u00e2ni, 2,4 milioane sunt str\u0103ini. Nu e foarte mult cu str\u0103inii. \u00cen 2017, 2018 \u0219i 2019 am avut 2,7 aproape 2,8 milioane. \u00cen 2018 a fost cel mai bun an de turi\u0219ti str\u0103ini&#8221;, a explicat vicepre\u0219edintele ANAT \u0219i pre\u0219edinte al Asocia\u021biei pentru Promovarea \u0219i Dezvoltarea Turismului Prahova.<\/p>\n<p>Nu \u00een ultimul r\u00e2nd, acesta a precizat c\u0103 a cerut autorit\u0103\u021bilor un target de 10 milioane de turi\u0219ti str\u0103ini pe care s\u0103 \u00eei aduc\u0103 \u00een Rom\u00e2nia \u00een urm\u0103torii ani, care se poate realiza cu o cre\u0219tere anual\u0103 de 20%.<\/p>","protected":false},"excerpt":{"rendered":"<p>&#8222;O comisie a Ministerului Economiei, Digitaliz\u0103rii, Antreprenoriatului \u0219i Turismului (MEDAT), Ministerului de Finan\u021be, Ministerului Muncii&hellip;<\/p>\n","protected":false},"author":0,"featured_media":42639,"comment_status":"open","ping_status":"open","sticky":false,"template":"","format":"standard","meta":{"footnotes":""},"categories":[2],"tags":[],"class_list":["post-42638","post","type-post","status-publish","format-standard","has-post-thumbnail","hentry","category-actual"],"_links":{"self":[{"href":"https:\/\/247stiri.ro\/index.php\/wp-json\/wp\/v2\/posts\/42638","targetHints":{"allow":["GET"]}}],"collection":[{"href":"https:\/\/247stiri.ro\/index.php\/wp-json\/wp\/v2\/posts"}],"about":[{"href":"https:\/\/247stiri.ro\/index.php\/wp-json\/wp\/v2\/types\/post"}],"replies":[{"embeddable":true,"href":"https:\/\/247stiri.ro\/index.php\/wp-json\/wp\/v2\/comments?post=42638"}],"version-history":[{"count":0,"href":"https:\/\/247stiri.ro\/index.php\/wp-json\/wp\/v2\/posts\/42638\/revisions"}],"wp:featuredmedia":[{"embeddable":true,"href":"https:\/\/247stiri.ro\/index.php\/wp-json\/wp\/v2\/media\/42639"}],"wp:attachment":[{"href":"https:\/\/247stiri.ro\/index.php\/wp-json\/wp\/v2\/media?parent=42638"}],"wp:term":[{"taxonomy":"category","embeddable":true,"href":"https:\/\/247stiri.ro\/index.php\/wp-json\/wp\/v2\/categories?post=42638"},{"taxonomy":"post_tag","embeddable":true,"href":"https:\/\/247stiri.ro\/index.php\/wp-json\/wp\/v2\/tags?post=42638"}],"curies":[{"name":"wp","href":"https:\/\/api.w.org\/{rel}","templated":true}]}}