{"id":42644,"date":"2025-03-26T07:45:02","date_gmt":"2025-03-26T07:45:02","guid":{"rendered":"https:\/\/247stiri.ro\/index.php\/2025\/03\/26\/incendiu-violent-la-un-centru-social-pentru-persoane-cu-dizabilitati-din-jud-alba\/"},"modified":"2025-03-26T07:45:02","modified_gmt":"2025-03-26T07:45:02","slug":"incendiu-violent-la-un-centru-social-pentru-persoane-cu-dizabilitati-din-jud-alba","status":"publish","type":"post","link":"https:\/\/247stiri.ro\/index.php\/2025\/03\/26\/incendiu-violent-la-un-centru-social-pentru-persoane-cu-dizabilitati-din-jud-alba\/","title":{"rendered":"Incendiu violent la un centru social pentru persoane cu dizabilit\u0103\u021bi, din jud. Alba"},"content":{"rendered":"<p>&#8222;\u00cen cl\u0103dire, la momentul producerii incendiului, se aflau patru persoane cu dizabilit\u0103\u021bi \u0219i o infirmier\u0103, care s-au autoevacuat&#8221;, a transmis purt\u0103torul de cuv\u00e2nt al Inspectoratului pentru Situa\u021bii de Urgen\u021b\u0103 (ISU) Alba, Alex Cri\u0219an.<\/p>\n<p>Incendiul a izbucnit la acoperi\u0219ul Locuin\u021bei Protejate pentru Persoane cu Handicap din localitatea Bucium, pentru stingerea acestuia intervenind pompieri militari de la Sec\u021bia C\u00e2mpeni, cu dou\u0103 autospeciale, \u0219i membri ai SVSU Bucium \u0219i SVSU Abrud.<\/p>\n<p>&#8222;Cauza incendiului a fost efectul termic de la hornul neprotejat corespunz\u0103tor fa\u021b\u0103 de materialele combustibile&#8221;, a precizat purt\u0103torul de cuv\u00e2nt al ISU Alba.<\/p>\n<p>Nicio persoan\u0103 dintre cele evacuate nu a fost r\u0103nit\u0103.\u00a0<\/p>","protected":false},"excerpt":{"rendered":"<p>&#8222;\u00cen cl\u0103dire, la momentul producerii incendiului, se aflau patru persoane cu dizabilit\u0103\u021bi \u0219i o infirmier\u0103,&hellip;<\/p>\n","protected":false},"author":0,"featured_media":42645,"comment_status":"open","ping_status":"open","sticky":false,"template":"","format":"standard","meta":{"footnotes":""},"categories":[2],"tags":[],"class_list":["post-42644","post","type-post","status-publish","format-standard","has-post-thumbnail","hentry","category-actual"],"_links":{"self":[{"href":"https:\/\/247stiri.ro\/index.php\/wp-json\/wp\/v2\/posts\/42644","targetHints":{"allow":["GET"]}}],"collection":[{"href":"https:\/\/247stiri.ro\/index.php\/wp-json\/wp\/v2\/posts"}],"about":[{"href":"https:\/\/247stiri.ro\/index.php\/wp-json\/wp\/v2\/types\/post"}],"replies":[{"embeddable":true,"href":"https:\/\/247stiri.ro\/index.php\/wp-json\/wp\/v2\/comments?post=42644"}],"version-history":[{"count":0,"href":"https:\/\/247stiri.ro\/index.php\/wp-json\/wp\/v2\/posts\/42644\/revisions"}],"wp:featuredmedia":[{"embeddable":true,"href":"https:\/\/247stiri.ro\/index.php\/wp-json\/wp\/v2\/media\/42645"}],"wp:attachment":[{"href":"https:\/\/247stiri.ro\/index.php\/wp-json\/wp\/v2\/media?parent=42644"}],"wp:term":[{"taxonomy":"category","embeddable":true,"href":"https:\/\/247stiri.ro\/index.php\/wp-json\/wp\/v2\/categories?post=42644"},{"taxonomy":"post_tag","embeddable":true,"href":"https:\/\/247stiri.ro\/index.php\/wp-json\/wp\/v2\/tags?post=42644"}],"curies":[{"name":"wp","href":"https:\/\/api.w.org\/{rel}","templated":true}]}}