{"id":42646,"date":"2025-03-26T07:45:03","date_gmt":"2025-03-26T07:45:03","guid":{"rendered":"https:\/\/247stiri.ro\/index.php\/2025\/03\/26\/incendiu-devastator-biserica-din-lemn-de-la-muzeul-satului-banatean-din-timisoara-a-fost-mistuita-de-flacari-fotovideo\/"},"modified":"2025-03-26T07:45:03","modified_gmt":"2025-03-26T07:45:03","slug":"incendiu-devastator-biserica-din-lemn-de-la-muzeul-satului-banatean-din-timisoara-a-fost-mistuita-de-flacari-fotovideo","status":"publish","type":"post","link":"https:\/\/247stiri.ro\/index.php\/2025\/03\/26\/incendiu-devastator-biserica-din-lemn-de-la-muzeul-satului-banatean-din-timisoara-a-fost-mistuita-de-flacari-fotovideo\/","title":{"rendered":"Incendiu devastator! Biserica din lemn de la Muzeul Satului B\u0103n\u0103\u0163ean din Timi\u0219oara a fost mistuit\u0103 de fl\u0103c\u0103ri &#8211; FOTO&amp;VIDEO"},"content":{"rendered":"<p>Apelul la 112 a fost dat \u00een jurul orei 02.55. La locul interven\u0163iei s-au deplasat pompierii din cadrul Deta\u015famentului 1 de Pompieri Timi\u015foara cu dou\u0103 autospeciale de stingere \u015fi un echipaj SMURD, a trasmis, miercuri, ISU Timi\u015f.<\/p>\n\n<p>La sosirea pompierilor s-a constatat c\u0103 incendiul se manifesta generalizat la biseric\u0103, cu pericol de propagare la casa parohial\u0103 \u015fi la o troi\u0163\u0103 al\u0103turat\u0103. Biserica avea o suprafa\u0163\u0103 de 50 mp.<\/p>\n<p>\u201e\u00cen urma incendiului a ars biserica \u00een totalitate \u015fi a fost afectat pe o suprafa\u0163\u0103 mic\u0103 acoperi\u015ful troi\u0163ei. Pompierii au limitat extinderea incendiului la casa parohial\u0103\u201d, au precizat pompierii.<\/p>\n\n<p>Pompierii urmeaz\u0103 s\u0103 stabileasc\u0103 cu exactitate cauzele producerii incendiului.<\/p>\n<p>Biserica de lemn din Topla, comuna timi\u015fean\u0103 M\u0103n\u0103\u015ftiur, a fost construit\u0103 \u00een anul 1746. Biserica, unul din cele mai valoroase monumente religioase din Banat, a fost demontat\u0103 \u00een Topla \u00een 1987 \u015fi adus\u0103 la Timi\u015foara, unde a fost ref\u0103cut\u0103 \u00een perioada 1994 \u2013 1996, \u00een cadrul Muzeului Satului B\u0103n\u0103\u0163ean, acolo unde se afla \u015fi acum. Dup\u0103 refacere, a fost resfin\u0163it\u0103. Biserica figura pe noua list\u0103 a monumentelor istorice, noteaz\u0103 Agerpres.<\/p>","protected":false},"excerpt":{"rendered":"<p>Apelul la 112 a fost dat \u00een jurul orei 02.55. La locul interven\u0163iei s-au deplasat&hellip;<\/p>\n","protected":false},"author":0,"featured_media":42647,"comment_status":"open","ping_status":"open","sticky":false,"template":"","format":"standard","meta":{"footnotes":""},"categories":[2],"tags":[],"class_list":["post-42646","post","type-post","status-publish","format-standard","has-post-thumbnail","hentry","category-actual"],"_links":{"self":[{"href":"https:\/\/247stiri.ro\/index.php\/wp-json\/wp\/v2\/posts\/42646","targetHints":{"allow":["GET"]}}],"collection":[{"href":"https:\/\/247stiri.ro\/index.php\/wp-json\/wp\/v2\/posts"}],"about":[{"href":"https:\/\/247stiri.ro\/index.php\/wp-json\/wp\/v2\/types\/post"}],"replies":[{"embeddable":true,"href":"https:\/\/247stiri.ro\/index.php\/wp-json\/wp\/v2\/comments?post=42646"}],"version-history":[{"count":0,"href":"https:\/\/247stiri.ro\/index.php\/wp-json\/wp\/v2\/posts\/42646\/revisions"}],"wp:featuredmedia":[{"embeddable":true,"href":"https:\/\/247stiri.ro\/index.php\/wp-json\/wp\/v2\/media\/42647"}],"wp:attachment":[{"href":"https:\/\/247stiri.ro\/index.php\/wp-json\/wp\/v2\/media?parent=42646"}],"wp:term":[{"taxonomy":"category","embeddable":true,"href":"https:\/\/247stiri.ro\/index.php\/wp-json\/wp\/v2\/categories?post=42646"},{"taxonomy":"post_tag","embeddable":true,"href":"https:\/\/247stiri.ro\/index.php\/wp-json\/wp\/v2\/tags?post=42646"}],"curies":[{"name":"wp","href":"https:\/\/api.w.org\/{rel}","templated":true}]}}