{"id":42655,"date":"2025-03-26T08:45:07","date_gmt":"2025-03-26T08:45:07","guid":{"rendered":"https:\/\/247stiri.ro\/index.php\/2025\/03\/26\/alerta-anm-cod-galben-de-ploi-torentiale-vant-si-furtuni-extreme-in-urmatoarele-zile\/"},"modified":"2025-03-26T08:45:07","modified_gmt":"2025-03-26T08:45:07","slug":"alerta-anm-cod-galben-de-ploi-torentiale-vant-si-furtuni-extreme-in-urmatoarele-zile","status":"publish","type":"post","link":"https:\/\/247stiri.ro\/index.php\/2025\/03\/26\/alerta-anm-cod-galben-de-ploi-torentiale-vant-si-furtuni-extreme-in-urmatoarele-zile\/","title":{"rendered":"Alert\u0103 ANM: Cod galben de ploi toren\u021biale, v\u00e2nt \u0219i furtuni extreme, \u00een urm\u0103toarele zile"},"content":{"rendered":"<p>Potrivit meteorologilor, \u00een sud-vestul \u0163\u0103rii \u015fi \u00een Carpa\u0163ii Meridionali vor fi acumul\u0103ri \u00eensemnate de ap\u0103 de p\u00e2n\u0103 la 70 l\/mp. De joi, \u00een jum\u0103tatea sudic\u0103 a \u0163\u0103rii \u015fi pe crestele montane v\u00e2ntul se va intensifica \u015fi va sufla cu putere.<\/p>\n<p>Meteorologii au informat, miercuri, c\u0103 \u00een intervalul 26 martie, ora 10.00 &#8211; 29 martie, ora 18.00 se vor \u00eenregistra cantit\u0103\u0163i de ap\u0103 \u00eensemnate \u015fi intensific\u0103ri ale v\u00e2ntului. potrivit meteorologilor, vor fi intervale \u00een care va ploua \u00een toate regiunile.Ploile vor avea \u00eendeosebi caracter de avers\u0103 \u015fi mai ales prin acumulare cantit\u0103\u0163ile de ap\u0103 vor fi de 15&#8230;25 l\/mp, iar cu prec\u0103dere \u00een sud-vestul \u0163\u0103rii \u015fi \u00een Carpa\u0163ii Meridionali, de peste 50&#8230;70 l\/mp.\u00cencep\u00e2nd de joi dup\u0103-amiaz\u0103, v\u00e2ntul va avea intensific\u0103ri \u00een jum\u0103tatea de sud a \u0163\u0103rii, cu viteze \u00een general de 40&#8230;60 km\/h, iar pe crestele montane, rafalele vor dep\u0103\u015fi 70&#8230;80 km\/h.De asemenea, meteorologii au emis o aten\u0163ionare cod galben de cantit\u0103\u0163i \u00eensemnate de ap\u0103, valabil\u0103 de miercuri p\u00e2n\u0103 vineri la pr\u00e2nz. \u00cen sudul Banatului, \u00een vestul \u015fi nordul Olteniei \u015fi \u00een vestul Carpa\u0163ilor Meridionali, vor fi ploi cu caracter de avers\u0103, iar mai ales prin acumulare cantit\u0103\u0163ile de ap\u0103 vor fi de 40&#8230;60 l\/mp.<\/p>","protected":false},"excerpt":{"rendered":"<p>Potrivit meteorologilor, \u00een sud-vestul \u0163\u0103rii \u015fi \u00een Carpa\u0163ii Meridionali vor fi acumul\u0103ri \u00eensemnate de ap\u0103&hellip;<\/p>\n","protected":false},"author":0,"featured_media":42656,"comment_status":"open","ping_status":"open","sticky":false,"template":"","format":"standard","meta":{"footnotes":""},"categories":[2],"tags":[],"class_list":["post-42655","post","type-post","status-publish","format-standard","has-post-thumbnail","hentry","category-actual"],"_links":{"self":[{"href":"https:\/\/247stiri.ro\/index.php\/wp-json\/wp\/v2\/posts\/42655","targetHints":{"allow":["GET"]}}],"collection":[{"href":"https:\/\/247stiri.ro\/index.php\/wp-json\/wp\/v2\/posts"}],"about":[{"href":"https:\/\/247stiri.ro\/index.php\/wp-json\/wp\/v2\/types\/post"}],"replies":[{"embeddable":true,"href":"https:\/\/247stiri.ro\/index.php\/wp-json\/wp\/v2\/comments?post=42655"}],"version-history":[{"count":0,"href":"https:\/\/247stiri.ro\/index.php\/wp-json\/wp\/v2\/posts\/42655\/revisions"}],"wp:featuredmedia":[{"embeddable":true,"href":"https:\/\/247stiri.ro\/index.php\/wp-json\/wp\/v2\/media\/42656"}],"wp:attachment":[{"href":"https:\/\/247stiri.ro\/index.php\/wp-json\/wp\/v2\/media?parent=42655"}],"wp:term":[{"taxonomy":"category","embeddable":true,"href":"https:\/\/247stiri.ro\/index.php\/wp-json\/wp\/v2\/categories?post=42655"},{"taxonomy":"post_tag","embeddable":true,"href":"https:\/\/247stiri.ro\/index.php\/wp-json\/wp\/v2\/tags?post=42655"}],"curies":[{"name":"wp","href":"https:\/\/api.w.org\/{rel}","templated":true}]}}