{"id":42662,"date":"2025-03-26T08:45:10","date_gmt":"2025-03-26T08:45:10","guid":{"rendered":"https:\/\/247stiri.ro\/index.php\/2025\/03\/26\/se-modifica-sistemul-de-fiscalizare-de-cand-ar-putea-intra-in-vigoare-anuntul-ministrului-de-finante\/"},"modified":"2025-03-26T08:45:10","modified_gmt":"2025-03-26T08:45:10","slug":"se-modifica-sistemul-de-fiscalizare-de-cand-ar-putea-intra-in-vigoare-anuntul-ministrului-de-finante","status":"publish","type":"post","link":"https:\/\/247stiri.ro\/index.php\/2025\/03\/26\/se-modifica-sistemul-de-fiscalizare-de-cand-ar-putea-intra-in-vigoare-anuntul-ministrului-de-finante\/","title":{"rendered":"Se modific\u0103 sistemul de fiscalizare. De c\u00e2nd ar putea intra \u00een vigoare. Anun\u021bul ministrului de Finan\u021be"},"content":{"rendered":"<p>Tanczos Barna a evitat s\u0103 dea detalii despre modific\u0103rile pe care inten\u021bioneaz\u0103 s\u0103 le fac\u0103 la actualul sistem de impozitare. \u00centr-o interven\u021bie \u00eentr-o emisiune TV, el a spus c\u0103 mai este timp pentru discu\u021biile pe acest subiect. Noul mecanism de impozitare, reformat se va aplica, \u00eens\u0103 \u00eencep\u00e2nd cu anul viitor.<\/p>\n<p>\u201eCu siguran\u021b\u0103, anul acesta nu doresc s\u0103 vorbesc despre nici o modificare de taxe \u0219i impozite. Sper s\u0103 putem termina anul acesta f\u0103r\u0103 asemenea m\u0103suri. Anul viitor poate s\u0103 \u00eensemne un nou \u00eenceput \u00een ceea ce prive\u0219te regimul fiscal, dar este prematur s\u0103 discut\u0103m despre acest lucru\u201d, a declarat Tanczos Barna.<\/p>\n<p>Ministrul Finan\u021belor\u00a0a refuzat s\u0103 detalieze acest subiect, spun\u00e2nd c\u0103 nu intr\u0103 \u00een priorit\u0103\u021bile sale. Aceasta cu toate c\u0103, modificarea regulilor de impozitare, majorarea sau introducerea de noi taxe \u0219i impozite, fie \u0219i de anul viitor, este una dintre principalele preocup\u0103ri ale rom\u00e2nilor, av\u00e2nd \u00een vedere situa\u021bia dezastruoas\u0103 provocat\u0103 de guvernarea PSD-PNL.<\/p>\n<p>\u201eAvem timp destul s\u0103 discut\u0103m despre o reform\u0103 fiscal\u0103. Acum suntem concentra\u021bi pe urm\u0103rirea execu\u021biei bugetare, pe urm\u0103rirea veniturilor, a cheltuielilor\u201d, a mai spus Tanczos Barna.<\/p>","protected":false},"excerpt":{"rendered":"<p>Tanczos Barna a evitat s\u0103 dea detalii despre modific\u0103rile pe care inten\u021bioneaz\u0103 s\u0103 le fac\u0103&hellip;<\/p>\n","protected":false},"author":0,"featured_media":42663,"comment_status":"open","ping_status":"open","sticky":false,"template":"","format":"standard","meta":{"footnotes":""},"categories":[2],"tags":[],"class_list":["post-42662","post","type-post","status-publish","format-standard","has-post-thumbnail","hentry","category-actual"],"_links":{"self":[{"href":"https:\/\/247stiri.ro\/index.php\/wp-json\/wp\/v2\/posts\/42662","targetHints":{"allow":["GET"]}}],"collection":[{"href":"https:\/\/247stiri.ro\/index.php\/wp-json\/wp\/v2\/posts"}],"about":[{"href":"https:\/\/247stiri.ro\/index.php\/wp-json\/wp\/v2\/types\/post"}],"replies":[{"embeddable":true,"href":"https:\/\/247stiri.ro\/index.php\/wp-json\/wp\/v2\/comments?post=42662"}],"version-history":[{"count":0,"href":"https:\/\/247stiri.ro\/index.php\/wp-json\/wp\/v2\/posts\/42662\/revisions"}],"wp:featuredmedia":[{"embeddable":true,"href":"https:\/\/247stiri.ro\/index.php\/wp-json\/wp\/v2\/media\/42663"}],"wp:attachment":[{"href":"https:\/\/247stiri.ro\/index.php\/wp-json\/wp\/v2\/media?parent=42662"}],"wp:term":[{"taxonomy":"category","embeddable":true,"href":"https:\/\/247stiri.ro\/index.php\/wp-json\/wp\/v2\/categories?post=42662"},{"taxonomy":"post_tag","embeddable":true,"href":"https:\/\/247stiri.ro\/index.php\/wp-json\/wp\/v2\/tags?post=42662"}],"curies":[{"name":"wp","href":"https:\/\/api.w.org\/{rel}","templated":true}]}}