{"id":42665,"date":"2025-03-26T08:45:11","date_gmt":"2025-03-26T08:45:11","guid":{"rendered":"https:\/\/247stiri.ro\/index.php\/2025\/03\/26\/politist-certat-cu-legea-agentul-este-cercetat-dupa-ce-a-furat-dintr-un-magazin-din-slatina\/"},"modified":"2025-03-26T08:45:11","modified_gmt":"2025-03-26T08:45:11","slug":"politist-certat-cu-legea-agentul-este-cercetat-dupa-ce-a-furat-dintr-un-magazin-din-slatina","status":"publish","type":"post","link":"https:\/\/247stiri.ro\/index.php\/2025\/03\/26\/politist-certat-cu-legea-agentul-este-cercetat-dupa-ce-a-furat-dintr-un-magazin-din-slatina\/","title":{"rendered":"Poli\u021bist certat cu legea! Agentul este cercetat, dup\u0103 ce a FURAT dintr-un magazin din Slatina"},"content":{"rendered":"<p>Poli\u0163i\u015ftii din Slatina au fost sesiza\u0163i de c\u0103tre reprezentan\u0163ii unei societ\u0103\u0163i comerciale din localitate cu privire la faptul c\u0103 dou\u0103 persoane necunoscute ar fi p\u0103truns \u00een \u00eencinta magazinului iar una dintre acestea ar fi desf\u0103cut o cutie de la raionul de produse sanitare \u015fi ar fi sustras din interiorul acesteia dou\u0103 bunuri, descomplet\u00e2nd astfel produsul.<\/p>\n<p>\u00a0\u201d\u00cen urma verific\u0103rilor efectuate, s-a constatat faptul c\u0103 persoana care ar fi sustras cele dou\u0103 bunuri are calitatea de poli\u0163ist \u00een cadrul Inspectoratului de Poli\u0163ie Jude\u0163ean Olt. Av\u00e2nd \u00een vedere calitatea persoanei, dosarul penal a fost declinat c\u0103tre Parchetul de pe l\u00e2ng\u0103 Judec\u0103toria Slatina spre competent\u0103 solu\u0163ionare. De asemenea, conducerea Inspectoratului de Poli\u0163ie Jude\u0163ean Olt a dispus cercetarea prealabil\u0103 a poli\u0163istului, urm\u00e2nd a fi dispuse m\u0103surile legale care se impun\u201d, au transmis reprezentan\u0163ii IPJ Olt.<\/p>\n<p>Ei au precizat c\u0103 IPJ Olt \u201dse delimiteaz\u0103 ferm de orice activit\u0103\u0163i care cotravin eticii \u015fi valorilor morale ale profesiei de poli\u0163ist \u015fi sprijin\u0103 activit\u0103\u0163ile penale aflate \u00een derulare pentru solu\u0163ionarea cu celeritate a cauzei\u201d.<\/p>\n<p>\u00cen cauz\u0103, a fost deschis un dosar penal pentru s\u0103v\u00e2r\u015firea infrac\u0163iunii de furt. \u00a0<\/p>","protected":false},"excerpt":{"rendered":"<p>Poli\u0163i\u015ftii din Slatina au fost sesiza\u0163i de c\u0103tre reprezentan\u0163ii unei societ\u0103\u0163i comerciale din localitate cu&hellip;<\/p>\n","protected":false},"author":0,"featured_media":42666,"comment_status":"open","ping_status":"open","sticky":false,"template":"","format":"standard","meta":{"footnotes":""},"categories":[2],"tags":[],"class_list":["post-42665","post","type-post","status-publish","format-standard","has-post-thumbnail","hentry","category-actual"],"_links":{"self":[{"href":"https:\/\/247stiri.ro\/index.php\/wp-json\/wp\/v2\/posts\/42665","targetHints":{"allow":["GET"]}}],"collection":[{"href":"https:\/\/247stiri.ro\/index.php\/wp-json\/wp\/v2\/posts"}],"about":[{"href":"https:\/\/247stiri.ro\/index.php\/wp-json\/wp\/v2\/types\/post"}],"replies":[{"embeddable":true,"href":"https:\/\/247stiri.ro\/index.php\/wp-json\/wp\/v2\/comments?post=42665"}],"version-history":[{"count":0,"href":"https:\/\/247stiri.ro\/index.php\/wp-json\/wp\/v2\/posts\/42665\/revisions"}],"wp:featuredmedia":[{"embeddable":true,"href":"https:\/\/247stiri.ro\/index.php\/wp-json\/wp\/v2\/media\/42666"}],"wp:attachment":[{"href":"https:\/\/247stiri.ro\/index.php\/wp-json\/wp\/v2\/media?parent=42665"}],"wp:term":[{"taxonomy":"category","embeddable":true,"href":"https:\/\/247stiri.ro\/index.php\/wp-json\/wp\/v2\/categories?post=42665"},{"taxonomy":"post_tag","embeddable":true,"href":"https:\/\/247stiri.ro\/index.php\/wp-json\/wp\/v2\/tags?post=42665"}],"curies":[{"name":"wp","href":"https:\/\/api.w.org\/{rel}","templated":true}]}}