{"id":42667,"date":"2025-03-26T08:45:12","date_gmt":"2025-03-26T08:45:12","guid":{"rendered":"https:\/\/247stiri.ro\/index.php\/2025\/03\/26\/sistemul-sorosist-incearca-sa-l-saboteze-cu-orice-pret-pe-calin-georgescu-este-chemat-la-controlul-judiciar-chiar-de-ziua-lui\/"},"modified":"2025-03-26T08:45:12","modified_gmt":"2025-03-26T08:45:12","slug":"sistemul-sorosist-incearca-sa-l-saboteze-cu-orice-pret-pe-calin-georgescu-este-chemat-la-controlul-judiciar-chiar-de-ziua-lui","status":"publish","type":"post","link":"https:\/\/247stiri.ro\/index.php\/2025\/03\/26\/sistemul-sorosist-incearca-sa-l-saboteze-cu-orice-pret-pe-calin-georgescu-este-chemat-la-controlul-judiciar-chiar-de-ziua-lui\/","title":{"rendered":"Sistemul sorosist \u00eencearc\u0103 s\u0103-l saboteze cu orice pre\u021b pe C\u0103lin Georgescu. Este chemat la controlul judiciar chiar de ziua lui"},"content":{"rendered":"<p><a href=\"https:\/\/www.realitatea.net\/stiri\/actual\/manifest-pentru-democratie-poporul-iese-astazi-in-strada-de-ziua-lui-calin-georgescu-realitatea-plus-alaturi-de-romanii-patrioti-live-video-si-text_67e39b6805e53a1a6f6a64b2\" target=\"_blank\">Manifest pentru democra\u021bie. Poporul iese, ast\u0103zi, \u00een strad\u0103, de ziua lui C\u0103lin Georgescu. Realitatea PLUS, al\u0103turi de rom\u00e2nii patrio\u021bi<\/a><\/p>\n<p>Ast\u0103zi, de ziua lui C\u0103lin Georgescu, rom\u00e2ni din toate col\u021burile \u021b\u0103rii ies \u00een strad\u0103, \u00eentr-o mobilizare f\u0103r\u0103 precedent. Disapora vine \u0219i ea acas\u0103, la chemarea democra\u021biei. Realitatea PLUS, televiziunea poporului, este al\u0103turi de rom\u00e2ni \u0219i transmite, or\u0103 de or\u0103, de la cel mai important manifest.<\/p>\n<p>Este ziua cea mare a manifesta\u021biei pentru democra\u021bie! Rom\u00e2nii se adun\u0103, ast\u0103zi, \u00een strad\u0103, pentru a s\u0103rb\u0103tori ziua lui C\u0103lin Georgescu. Oamenii cer o \u021bar\u0103 liber\u0103 \u0219i s\u0103 le fie respectate drepturile.\u00a0<\/p>\n<p>Rom\u00e2ni din toate col\u021burile \u021b\u0103rii \u0219i-au anun\u021bat prezen\u021ba \u00een Bucure\u0219ti la acest eveniment f\u0103r\u0103 precedent.\u00a0<\/p>\n<p>Realitatea PLUS, televiziunea poporului, este al\u0103turi de rom\u00e2ni \u0219i transmite, or\u0103 de or\u0103, de la cel mai important manifest.<\/p>\n\n<p><a href=\"https:\/\/www.realitatea.net\/stiri\/actual\/cum-a-fost-scos-din-cursa-electorala-calin-georgescu_67df1ad1bfe5f0659c7a1d59\" target=\"_blank\">Cum a fost scos din cursa electoral\u0103 C\u0103lin Georgescu<\/a><\/p>\n<p>Seara zilei de 24 Noiembrie 2024 a fost una de co\u0219mar pentru liderii partidelor. Peste 2.3 milioane de rom\u00e2ni i-au dat votul de \u00eencredere lui C\u0103lin Georgescu \u00een primul Tur al alegerilor preziden\u021biale. Rezultatul a \u00eensp\u0103im\u00e2ntat sistemul.<\/p>\n<p>Niciun candidat din partea partidelor de guvernare nu a intrat \u00een turul al doilea \u0219i de aici a \u00eenceput o \u00eentreag\u0103 opera\u021biune de blocare a lui C\u0103lin Georgescu.\u00a0<\/p>\n<p>Rezultatul primului tur al alegerilor Preziden\u021biale a fost contestat la Curtea Constitu\u021bional\u0103 de oamenii sistemului. Cristian Terhe\u0219 a \u00eencercat prin toate mijloacele s\u0103 blocheze certificarea rezultatelor din 24 noiembrie 2024. Curtea Constitu\u021bional\u0103 a cerut renum\u0103rarea voturilor, iar dup\u0103 ce rezultatul a fost reconfirmat a venit validarea oficial\u0103.<\/p>\n<p>Sistemul \u00eensp\u0103im\u00e2ntat de victoria lui C\u0103lin Georgescu \u0219i de lovitura primit\u0103 la alegerile parlamentare a mutat apoi lupta \u00een laboratoarele serviciilor. Klaus Iohannis a chemat puterea politic\u0103 \u0219i militar\u0103 \u00eentr-o \u0218edin\u021b\u0103 a CSAT pentru a analiza campania lui Georgescu \u0219i pentru a vedea dac\u0103 a fost influen\u021bat\u0103 din afara \u021b\u0103rii.<\/p>\n<p>\u00a0<\/p>\n<p>Sistemul a sperat c\u0103 va putea s\u0103 impun\u0103 un candidat al puterii \u00een turul al 2-lea, dup\u0103 renum\u0103rarea voturilor, unde Elena Lasconi l-a surclasat pe Marcel Ciolacu cu pu\u021bin peste 2.000 de voturi.<\/p>\n<p>\u00a0\u00a0<\/p>\n<p>\u00cen toat\u0103 acest\u0103 perioad\u0103, propaganda Sistemului l-a atacat sistematic pe C\u0103lin Georgescu \u00een speran\u021ba c\u0103 acesta nu va avea nicio \u0219ans\u0103 \u00een fa\u021ba Elenei Lasconi. Gafele f\u0103cute de candidatul sus\u021binut de sistem \u00een mai multe interven\u021bii publice au ar\u0103tat c\u0103 Georgescu va c\u00e2\u0219tiga \u0219i al doilea tur al alegerilor.<\/p>\n<p>Pe 6 decembrie, \u00een timp ce rom\u00e2nii din diaspora votau pentru turul 2, sistemul a recurs la m\u0103sura disperat\u0103 de a anula alegerile, dup\u0103 ce validase turul 1.<\/p>\n<p>Anularea alegerilor preziden\u021biale s-a f\u0103cut dup\u0103 ce Klaus Iohannis a desecretizat materialele primite de la serviciile de Informa\u021bii. Mai mult, lovitura dat\u0103 de Curtea Constitu\u021bional\u0103 a dus la prelungirea mandatului lui Iohannis dup\u0103 data de 21 decembrie 2024, c\u00e2nd noul pre\u0219edinte trebuia s\u0103 depun\u0103 jur\u0103m\u00e2ntul.<\/p>\n<p>C\u0103lin Georgescu a \u00eenceput lupta pentru turul al doilea al alegerilor preziden\u021biale, \u00een timp ce sistemul punea la cale viitoarele alegeri.<\/p>\n<p>\u00a0\u00a0<\/p>\n<p>\u00cen paralel cu lupta pentru turul al doilea, sistemul condus de Klaus Iohannis a continuat s\u0103 inventeze probe pentru a-l interzice pe C\u0103lin Georgescu.<\/p>\n<p>C\u0103lin Georgescu a atacat la CEDO decizia de anulare a alegerilor, dup\u0103 ce instan\u021bele de judecat\u0103 din \u021bar\u0103 au respins ac\u021biunile sale.<\/p>\n<p>Primul mare protest dup\u0103 anularea Alegerilor a avut loc pe 24 ianuarie, c\u00e2nd C\u0103lin Georgescu i-a chemat pe rom\u00e2ni de ziua Unirii Principatelor Rom\u00e2ne \u00een parcul Tineretului.<\/p>\n<p>Dup\u0103 acest\u0103 demonstra\u021bie uria\u0219\u0103, sistemul s-a \u00eensp\u0103im\u00e2ntat \u0219i a \u00eencercat s\u0103-i fac\u0103 dosar penal C\u0103lin Georgescu.<\/p>\n<p>C\u0103lin Georgescu a fost plasat sub Control judiciar pentru 60 de zile.<\/p>\n<p>Zeci de mii de oameni au ie\u0219it \u00een Pia\u021ba Victoriei pentru a cere validarea candidaturii lui C\u0103lin Georgescu.<\/p>\n<p>C\u0103lin Georgescu \u0219i-a depus candidatura la alegerile preziden\u021biale, dup\u0103 ce AUR \u0219i Pot l-au ajutat s\u0103 str\u00e2ng\u0103 semn\u0103turile.<\/p>\n<p>Biroul Electoral Central a invalidat candidatura lui C\u0103lin Georgescu, dup\u0103 ce a analizat 2 zile dosarul.<\/p>\n<p>Apoi Curtea Constitu\u021bional\u0103 a invalidat candidatura lui C\u0103lin Georgescu pe 11 martie.<\/p>\n<p>\u00a0<\/p>","protected":false},"excerpt":{"rendered":"<p>Manifest pentru democra\u021bie. Poporul iese, ast\u0103zi, \u00een strad\u0103, de ziua lui C\u0103lin Georgescu. Realitatea PLUS,&hellip;<\/p>\n","protected":false},"author":0,"featured_media":42654,"comment_status":"open","ping_status":"open","sticky":false,"template":"","format":"standard","meta":{"footnotes":""},"categories":[2],"tags":[],"class_list":["post-42667","post","type-post","status-publish","format-standard","has-post-thumbnail","hentry","category-actual"],"_links":{"self":[{"href":"https:\/\/247stiri.ro\/index.php\/wp-json\/wp\/v2\/posts\/42667","targetHints":{"allow":["GET"]}}],"collection":[{"href":"https:\/\/247stiri.ro\/index.php\/wp-json\/wp\/v2\/posts"}],"about":[{"href":"https:\/\/247stiri.ro\/index.php\/wp-json\/wp\/v2\/types\/post"}],"replies":[{"embeddable":true,"href":"https:\/\/247stiri.ro\/index.php\/wp-json\/wp\/v2\/comments?post=42667"}],"version-history":[{"count":0,"href":"https:\/\/247stiri.ro\/index.php\/wp-json\/wp\/v2\/posts\/42667\/revisions"}],"wp:featuredmedia":[{"embeddable":true,"href":"https:\/\/247stiri.ro\/index.php\/wp-json\/wp\/v2\/media\/42654"}],"wp:attachment":[{"href":"https:\/\/247stiri.ro\/index.php\/wp-json\/wp\/v2\/media?parent=42667"}],"wp:term":[{"taxonomy":"category","embeddable":true,"href":"https:\/\/247stiri.ro\/index.php\/wp-json\/wp\/v2\/categories?post=42667"},{"taxonomy":"post_tag","embeddable":true,"href":"https:\/\/247stiri.ro\/index.php\/wp-json\/wp\/v2\/tags?post=42667"}],"curies":[{"name":"wp","href":"https:\/\/api.w.org\/{rel}","templated":true}]}}