{"id":42684,"date":"2025-03-26T09:44:52","date_gmt":"2025-03-26T09:44:52","guid":{"rendered":"https:\/\/247stiri.ro\/index.php\/2025\/03\/26\/deputatii-aur-au-depus-motiunea-simpla-impotriva-ministrului-catalin-predoiu-video\/"},"modified":"2025-03-26T09:44:52","modified_gmt":"2025-03-26T09:44:52","slug":"deputatii-aur-au-depus-motiunea-simpla-impotriva-ministrului-catalin-predoiu-video","status":"publish","type":"post","link":"https:\/\/247stiri.ro\/index.php\/2025\/03\/26\/deputatii-aur-au-depus-motiunea-simpla-impotriva-ministrului-catalin-predoiu-video\/","title":{"rendered":"Deputa\u021bii AUR au depus mo\u021biunea simpl\u0103 \u00eempotriva ministrului C\u0103t\u0103lin Predoiu VIDEO"},"content":{"rendered":"<p>Deputatul Dan Tanas\u0103 a anun\u0163at, \u00een plen, depunerea mo\u0163iunii simple \u201eDe la democra\u0163ie la regim hibrid. Rom\u00e2nia sub jugul poli\u0163iei politice asmu\u0163ite de ministrul Predoiu\u201d, care are peste 50 de semn\u0103turi din partea parlamentarilor.<\/p>\n<p>\u201eTr\u0103im \u00een aceste zile o veritabil\u0103 prigoan\u0103 stalinist\u0103 \u00eempotriva tuturor celor care nu aplaud\u0103 PSD, PNL, USR \u015fi UDMR. Dup\u0103 ce a\u0163i scos contracandida\u0163i din alegerile preziden\u0163iale, dup\u0103 ce a\u0163i anulat alegeri, acum ne-a\u0163i l\u0103sat \u015fi f\u0103r\u0103 vize \u00een Statele Unite ale Americii \u015fi continua\u0163i cu prigoana de tip stalinist \u00eempotriva celor care nu v\u0103 aplaud\u0103 pe voi, o chestiune cu care nu putem fi de acord \u015fi care este incompatibil\u0103 cu orice regim democratic. \u00cen momentul acesta ne-a\u0163i pus al\u0103turi de Papua Noua Guinee \u00een ceea ce prive\u015fte democra\u0163ia \u00een Rom\u00e2nia, voi partidele pro-europene\u201d, a sus\u0163inut Tanas\u0103.<\/p>\n<p>Rom\u00e2nia este pe ultimul loc \u00een r\u00e2ndul \u0163\u0103rilor Uniunii Europene la capitolul democra\u0163ie \u015fi pe locul 62 \u00een lume, cu un scor de 6,45 &#8211; potrivit indexului anual al democra\u0163iilor \u00eentocmit de grupul britanic The Economist, un clasament anual ce ia \u00een calcul cinci criterii \u015fi care ierarhizeaz\u0103 anul acesta 167 de \u0163\u0103ri \u00een 4 categorii: regimuri autoritare, regimuri hibride, democra\u0163ii deficitare \u015fi democra\u0163ii depline.<\/p>\n<p>\u00a0<\/p>","protected":false},"excerpt":{"rendered":"<p>Deputatul Dan Tanas\u0103 a anun\u0163at, \u00een plen, depunerea mo\u0163iunii simple \u201eDe la democra\u0163ie la regim&hellip;<\/p>\n","protected":false},"author":0,"featured_media":42677,"comment_status":"open","ping_status":"open","sticky":false,"template":"","format":"standard","meta":{"footnotes":""},"categories":[2],"tags":[],"class_list":["post-42684","post","type-post","status-publish","format-standard","has-post-thumbnail","hentry","category-actual"],"_links":{"self":[{"href":"https:\/\/247stiri.ro\/index.php\/wp-json\/wp\/v2\/posts\/42684","targetHints":{"allow":["GET"]}}],"collection":[{"href":"https:\/\/247stiri.ro\/index.php\/wp-json\/wp\/v2\/posts"}],"about":[{"href":"https:\/\/247stiri.ro\/index.php\/wp-json\/wp\/v2\/types\/post"}],"replies":[{"embeddable":true,"href":"https:\/\/247stiri.ro\/index.php\/wp-json\/wp\/v2\/comments?post=42684"}],"version-history":[{"count":0,"href":"https:\/\/247stiri.ro\/index.php\/wp-json\/wp\/v2\/posts\/42684\/revisions"}],"wp:featuredmedia":[{"embeddable":true,"href":"https:\/\/247stiri.ro\/index.php\/wp-json\/wp\/v2\/media\/42677"}],"wp:attachment":[{"href":"https:\/\/247stiri.ro\/index.php\/wp-json\/wp\/v2\/media?parent=42684"}],"wp:term":[{"taxonomy":"category","embeddable":true,"href":"https:\/\/247stiri.ro\/index.php\/wp-json\/wp\/v2\/categories?post=42684"},{"taxonomy":"post_tag","embeddable":true,"href":"https:\/\/247stiri.ro\/index.php\/wp-json\/wp\/v2\/tags?post=42684"}],"curies":[{"name":"wp","href":"https:\/\/api.w.org\/{rel}","templated":true}]}}