{"id":42688,"date":"2025-03-26T09:44:54","date_gmt":"2025-03-26T09:44:54","guid":{"rendered":"https:\/\/247stiri.ro\/index.php\/2025\/03\/26\/george-simion-anuntul-zilei-in-direct-la-realitatea-plus-mesaj-special-de-ziua-lui-calin-georgescu\/"},"modified":"2025-03-26T09:44:54","modified_gmt":"2025-03-26T09:44:54","slug":"george-simion-anuntul-zilei-in-direct-la-realitatea-plus-mesaj-special-de-ziua-lui-calin-georgescu","status":"publish","type":"post","link":"https:\/\/247stiri.ro\/index.php\/2025\/03\/26\/george-simion-anuntul-zilei-in-direct-la-realitatea-plus-mesaj-special-de-ziua-lui-calin-georgescu\/","title":{"rendered":"George Simion, anun\u021bul zilei, \u00een direct la Realitatea PLUS. Mesaj special de ziua lui C\u0103lin Georgescu"},"content":{"rendered":"<p>Urm\u0103re\u0219te anun\u021bul lui George Simion, \u00een direct, la Realitatea PLUS:\u00a0<\/p>\n<p>\u00a0<\/p>\n\n<p>\u201dLa mul\u021bi ani, domnului C\u0103lin Georgescu! La mul\u021bi ani, tuturor rom\u00e2nilor care r\u0103m\u00e2n liberi, r\u0103man de partea democra\u021biei, r\u0103m\u00e2n de partea libert\u0103\u021bii \u0219i a p\u0103cii. Vreau s\u0103 fie ast\u0103zi nu un prilej, nu de dezbinare, cum tot am avut din partea clasei politice tr\u0103d\u0103toare care a dat lovitura de stat \u0219i care a v\u00e2ndut pe nimic interesele rom\u00e2nilor \u0219i resursele na\u021bionale.\u00a0<\/p>\n<p>Vreau s\u0103 fie un prilej de unire, de solidaritate na\u021bional\u0103, un prilej de s\u0103rb\u0103toare pentru c\u0103 \u00a0nu mai e mult p\u00e2n\u0103 c\u00e2nd vom reveni la normal. Ceea ce a f\u0103cut mi\u0219carea suveranist\u0103 \u00een Rom\u00e2nia, pe primul loc, ceea ce a f\u0103cut CG, a demascat total acest stat criminal, ace\u0219ti oameni tr\u0103d\u0103tori de la v\u00e2rful institu\u021biilor din Bucure\u0219ti \u0219i suntem mai apropape ca niciodat\u0103 ca Rom\u00e2nia s\u0103 fie liber\u0103, s\u0103 fie suveran\u0103.\u00a0<\/p>\n<p>Ast\u0103zi se organizeaz\u0103 mai multe ac\u021biuni de a cere \u00eenapoi turul doi, dreptatea, suveranitatea poporului, de a pune voin\u021ba poporului pe primul loc\u201d, a declarat George Simion, \u00een direct, la Realitatea PLUS.\u00a0<\/p>\n<p>Liderul AUR a anun\u021bat c\u0103 \u00een mai pu\u021bin de o or\u0103, rom\u00e2nii se vor aduna \u00een Pia\u021bia Contitu\u021biei, iar mai apoi va avea loc un protest la Autoritatea Electoral\u0103 Permanent\u0103.\u00a0<\/p>\n<p>\u201dPrima oar\u0103 se \u00eent\u00e2lnesc oamenii \u00een Pia\u021ba Contitu\u021biei, \u00een mai pu\u021bin de o or\u0103. Dup\u0103 aceea, la sediul AEP, noi vom organiza un protest \u00eempotriva acestui interimar, domnul Vaida, cel care a orchestrat eliminarea domnului Georgescu, la BEC cu 10 votrui \u00eempotriva la patru, cel care a votat \u0219i \u00eempotriva candidaturii mele \u0219i a Aneimaria Gavril\u0103. Un om care se dovede\u0219te a fi incapabil s\u0103 fie impar\u021bial, \u00eentr-un moment de cump\u0103n\u0103 pentru Rom\u00e2nia \u0219i pentru lumea liber\u0103. Vede\u021bi c\u00e2te convulsii sunt \u00een acest moment \u00een rela\u021bia dintre UE \u0219i SUA\u201d, a mai spus pre\u0219edintele AUR.\u00a0<\/p>\n<p>De asemenea, candidatul AUR la pre\u0219edin\u021bia Rom\u00e2niei a f\u0103cut un apel ca to\u021bi rom\u00e2nii s\u0103 ias\u0103 \u00een strad\u0103.\u00a0<\/p>\n<p>Sunt la Cluj acum (&#8230;) dar sigur c\u0103 eu \u00een c\u00e2teva ore revin la Bucure\u0219ti pentru a lua parte la ac\u021biunile care vor avea loc \u00een Pia\u021ba Victoriei \u0219i pentru a fi al\u0103turi de rom\u00e2ni. Nu \u00eemi arog titlul de organizator, s-a spus multe minciuni. Eu sunt \u00een strad\u0103 pentru c\u0103 am auzit vocea poporului rom\u00e2n \u0219i spre deosebire de mul\u021bi vectori de opinie, oameni care au fost deturna\u021bi, care au tr\u0103dat, care au fost convin\u0219i s\u0103 se dezic\u0103 de domnul C\u0103lin Georgescu, de vocea poporului rom\u00e2n \u0219i de Mi\u0219carea Rom\u00e2nia pe Primul Loc.\u00a0<\/p>\n<p>Eu consider c\u0103 trebuie s\u0103 r\u0103m\u00e2n fidel poporului rom\u00e2n \u0219i de aceea voi fi ast\u0103zi printre rom\u00e2ni \u0219i sper s\u0103 o fac\u0103 c\u00e2t mai mul\u021bi rom\u00e2ni, c\u00e2t mai mul\u021bi bucure\u0219teni, c\u00e2nd ies de la munc\u0103.<\/p>\n<p>Mul\u021bi nu sunt l\u0103sa\u021bi, \u0219tim c\u0103 au existat proteste \u00een care multina\u021bionalele au scos oamenii \u00een strad\u0103 sau \u00een intitu\u021biile publice, cei care sunt de partea drept\u0103\u021bii \u0219i a suveranit\u0103\u021bii sunt penaliza\u021bi. De aceea, fac un apel: C\u00e2nd iese toat\u0103 lumea de la munc\u0103 s\u0103 ias\u0103 \u00een strada\u201d, a transmis Simion.\u00a0<\/p>","protected":false},"excerpt":{"rendered":"<p>Urm\u0103re\u0219te anun\u021bul lui George Simion, \u00een direct, la Realitatea PLUS:\u00a0 \u00a0 \u201dLa mul\u021bi ani, domnului&hellip;<\/p>\n","protected":false},"author":0,"featured_media":42681,"comment_status":"open","ping_status":"open","sticky":false,"template":"","format":"standard","meta":{"footnotes":""},"categories":[2],"tags":[],"class_list":["post-42688","post","type-post","status-publish","format-standard","has-post-thumbnail","hentry","category-actual"],"_links":{"self":[{"href":"https:\/\/247stiri.ro\/index.php\/wp-json\/wp\/v2\/posts\/42688","targetHints":{"allow":["GET"]}}],"collection":[{"href":"https:\/\/247stiri.ro\/index.php\/wp-json\/wp\/v2\/posts"}],"about":[{"href":"https:\/\/247stiri.ro\/index.php\/wp-json\/wp\/v2\/types\/post"}],"replies":[{"embeddable":true,"href":"https:\/\/247stiri.ro\/index.php\/wp-json\/wp\/v2\/comments?post=42688"}],"version-history":[{"count":0,"href":"https:\/\/247stiri.ro\/index.php\/wp-json\/wp\/v2\/posts\/42688\/revisions"}],"wp:featuredmedia":[{"embeddable":true,"href":"https:\/\/247stiri.ro\/index.php\/wp-json\/wp\/v2\/media\/42681"}],"wp:attachment":[{"href":"https:\/\/247stiri.ro\/index.php\/wp-json\/wp\/v2\/media?parent=42688"}],"wp:term":[{"taxonomy":"category","embeddable":true,"href":"https:\/\/247stiri.ro\/index.php\/wp-json\/wp\/v2\/categories?post=42688"},{"taxonomy":"post_tag","embeddable":true,"href":"https:\/\/247stiri.ro\/index.php\/wp-json\/wp\/v2\/tags?post=42688"}],"curies":[{"name":"wp","href":"https:\/\/api.w.org\/{rel}","templated":true}]}}