{"id":4269,"date":"2024-11-04T08:47:54","date_gmt":"2024-11-04T08:47:54","guid":{"rendered":"https:\/\/247stiri.ro\/index.php\/2024\/11\/04\/guvernul-vrea-sa-introduca-un-nou-card-social-cum-va-functiona-acesta-si-cine-vor-fi-beneficiarii\/"},"modified":"2024-11-04T08:47:54","modified_gmt":"2024-11-04T08:47:54","slug":"guvernul-vrea-sa-introduca-un-nou-card-social-cum-va-functiona-acesta-si-cine-vor-fi-beneficiarii","status":"publish","type":"post","link":"https:\/\/247stiri.ro\/index.php\/2024\/11\/04\/guvernul-vrea-sa-introduca-un-nou-card-social-cum-va-functiona-acesta-si-cine-vor-fi-beneficiarii\/","title":{"rendered":"Guvernul vrea s\u0103 introduc\u0103 un nou card social. Cum va func\u021biona acesta \u0219i cine vor fi beneficiarii"},"content":{"rendered":"<p>n proiect de hot\u0103r\u00e2re de Guvern ce vizeaz\u0103 aprobarea unui nou program guvernamental, denumit &#8222;Cardul pentru Tineret&#8221;, a fost ini\u021biat de Ministerul Familiei, Tineretului \u0219i Egalit\u0103\u021bii de \u0218anse (MTFES) \u0219i pus recent \u00een dezbatere public\u0103 pe site-ul institu\u021biei. Programul \u00ee\u0219i propune s\u0103 ofere \u201dtuturor\u201d tinerilor cu v\u00e2rste \u00eentre 14 \u0219i 35 de ani o serie de facilit\u0103\u021bi, cum ar fi reduceri la achizi\u021bia de bunuri \u0219i servicii \u00een domenii precum educa\u021bia, cultura, s\u0103n\u0103tatea, sportul, mobilitatea \u0219i agrementul. Cu toate acestea, dac\u0103 proiectul va deveni realitate, mai pu\u021bin de 0,6% dintre tinerii studio\u0219i din Rom\u00e2nia vor avea acces la el \u00een primul an.<\/p>\n<p>Newsletter avocatnet.ro: 10 lucruri de \u0219tiut ast\u0103zi!\u00a0Prime\u0219ti gratuit, zilnic, \u00een c\u0103su\u021ba ta de email, sinteza zilei avocatnet.ro cu cele mai importante nout\u0103\u021bi, \u0219tiri \u0219i analize de context.<\/p>\n<p><a href=\"https:\/\/mfamilie.gov.ro\/1\/wp-content\/uploads\/2024\/10\/Proiect-HG.pdf\" target=\"_blank\" rel=\"noopener\">Ini\u021biativa<\/a>\u00a0\u00een discu\u021bie este motivat\u0103, conform\u00a0<a href=\"https:\/\/mfamilie.gov.ro\/1\/wp-content\/uploads\/2024\/10\/nota-de-fundamentare.pdf\" target=\"_blank\" rel=\"noopener\">notei de fundamentare<\/a>\u00a0care o \u00eenso\u021be\u0219te, de dorin\u021ba de a \u00eembun\u0103t\u0103\u021bi bun\u0103starea tinerilor din Rom\u00e2nia, oferind tinerilor cu v\u00e2rste cuprinse \u00eentre 14 \u0219i 35 de ani acces la o serie de beneficii \u0219i oportunit\u0103\u021bi care s\u0103 le sprijine dezvoltarea \u00een diverse domenii.<\/p>\n<p>Astfel, programul \u00ee\u0219i propune s\u0103 creasc\u0103 accesul tinerilor la bunuri \u0219i servicii \u00een domenii cum ar fi educa\u021bia, cultura, s\u0103n\u0103tatea, sportul, mobilitatea \u0219i agrementul. Acest lucru ar urma s\u0103 de realizeze prin intermediul a\u0219a-numitului Card Na\u021bional pentru Tineret, care va oferi reduceri la achizi\u021bionarea de bunuri \u0219i servicii de la furnizori selecta\u021bi prin proceduri de achizi\u021bie public\u0103.<\/p>\n<p>Pe l\u00e2ng\u0103 reducerile comerciale, Programul Cardul pentru Tineret vizeaz\u0103 \u0219i dezvoltarea personal\u0103 \u0219i profesional\u0103 a tinerilor. Reducerile la cursuri, seminarii \u0219i alte forme de preg\u0103tire sunt menite s\u0103 sprijine tinerii \u00een a\u00a0dob\u00e2ndi noi competen\u021be \u0219i a-\u0219i \u00eembun\u0103t\u0103\u021bi perspectivele de carier\u0103.<\/p>\n<p>Programul are, de asemenea, preten\u021bia de a avea \u0219i un rol social, promov\u00e2nd incluziunea \u0219i integrarea tuturor tinerilor, indiferent de statutul lor social, etnie, op\u021biuni politice sau mediul \u00een care tr\u0103iesc, f\u0103r\u0103 a specifica exact mijloacele prin care va contribui la atingerea acestui deziderat.<\/p>\n<p>MFTES este responsabil de implementarea Programului Cardul pentru Tineret, va suporta costurile de emitere, distribuire \u0219i administrare a cardurilor, finan\u021barea provenind de la bugetul de stat.<\/p>\n<p>\u00a0Num\u0103rul de carduri emise va fi stabilit anual \u00een func\u021bie de bugetul alocat programului.\u00a0\u00cen 2025, se preconizeaz\u0103 emiterea a maximum 20.000 de carduri.<\/p>\n<p>Dac\u0103 scopul declarat al programului este de a contribui la bun\u0103starea tinerilor \u0219i de a le oferi o serie de instrumente care s\u0103 \u00eei sprijine \u00een dezvoltarea lor personal\u0103, social\u0103 \u0219i profesional\u0103, punerea sa \u00een aplicare sufer\u0103 de c\u00e2teva mici neajunsuri.<\/p>\n<p>Prima dintre ele ar fi neconcordan\u021ba dintre declara\u021bia de bune inten\u021bii din nota de fundamentare, conform c\u0103reia \u201ddin aceast\u0103 comunitate vor putea face parte to\u021bi tinerii din Rom\u00e2nia cu v\u00e2rsta 14-35 ani care \u00ee\u0219i doresc acest lucru\u201d \u0219i textul efectiv al actului normativ, care limiteaz\u0103 sintagma \u201dto\u021bi tinerii\u201d la numai o mic\u0103 parte dintre ace\u0219tia: \u201d\u00een anul 2025 se emite un num\u0103r de maximum 20.000 de carduri\u201d.Aceasta \u00een condi\u021biile \u00een care,\u00a0<a href=\"https:\/\/insse.ro\/cms\/ro\/tags\/comunicat-sistemul-educational\" target=\"_blank\" rel=\"noopener\">conform Institutului Na\u021bional de Statistic\u0103<\/a>, \u00een anul \u015fcolar\/universitar 2023-2024, popula\u0163ia \u015fcolar\u0103 din sistemul na\u0163ional de educa\u0163ie a fost\u00a03,466,000 elevi \u015fi studen\u0163i. De asemenea, proiectul de hot\u0103r\u00e2re mai con\u021bine o prevedere, conform c\u0103reia \u201dcardul se ob\u021bine la cerere, \u00een limita num\u0103rului de carduri disponibile\u201d. Deci, iar\u0103\u0219i, nu \u201dto\u021bi\u201d.<\/p>\n<p>Altfel spus, la anul, din aproape 3,5 milioane de tineri care s-ar califica anul viitor pentru a beneficia de acest program, numai 20.000 o vor putea face efectiv.<\/p>\n<p>Un al doilea element care va limita impactul propunerii rezid\u0103 dintr-o alt\u0103 prevedere, conform c\u0103reia \u201dnormele de aplicare ale Programului se stabilesc prin ordinul ministrului familiei, tineretului \u0219i egalit\u0103\u021bii de \u0219anse \u00een termen de 90 de zile de la data public\u0103rii prezentei hot\u0103r\u00e2ri \u00een Monitorul Oficial\u201d. Ca atare, cardul pentru\u00a0unii\u00a0tineri (nume care ar fi mai potrivit, poate), va avea \u0219anse s\u0103 devin\u0103 realitate la cel pu\u021bin trei luni dup\u0103 ce vor ap\u0103rea normele de aplicare ale proiectului \u00een discu\u021bie. Termen c\u0103ruia \u00eei mai trebuie alocate alte luni, necesare organiz\u0103rii de licita\u021bii, atribuirii \u0219i distribu\u021biei efective a cardului \u00een cauz\u0103.<\/p>\n<p><a href=\"https:\/\/www.stiripesurse.ro\/guvernul-introduce-un-sistem-de-discount-uri-cum-functioneaza-noul-card-si-cine-il-va-putea-obtine_3482063.html\" target=\"_blank\" rel=\"noopener\">SURSA<\/a><\/p>","protected":false},"excerpt":{"rendered":"<p>n proiect de hot\u0103r\u00e2re de Guvern ce vizeaz\u0103 aprobarea unui nou program guvernamental, denumit &#8222;Cardul&hellip;<\/p>\n","protected":false},"author":0,"featured_media":4270,"comment_status":"open","ping_status":"open","sticky":false,"template":"","format":"standard","meta":{"footnotes":""},"categories":[2],"tags":[],"class_list":["post-4269","post","type-post","status-publish","format-standard","has-post-thumbnail","hentry","category-actual"],"_links":{"self":[{"href":"https:\/\/247stiri.ro\/index.php\/wp-json\/wp\/v2\/posts\/4269","targetHints":{"allow":["GET"]}}],"collection":[{"href":"https:\/\/247stiri.ro\/index.php\/wp-json\/wp\/v2\/posts"}],"about":[{"href":"https:\/\/247stiri.ro\/index.php\/wp-json\/wp\/v2\/types\/post"}],"replies":[{"embeddable":true,"href":"https:\/\/247stiri.ro\/index.php\/wp-json\/wp\/v2\/comments?post=4269"}],"version-history":[{"count":0,"href":"https:\/\/247stiri.ro\/index.php\/wp-json\/wp\/v2\/posts\/4269\/revisions"}],"wp:featuredmedia":[{"embeddable":true,"href":"https:\/\/247stiri.ro\/index.php\/wp-json\/wp\/v2\/media\/4270"}],"wp:attachment":[{"href":"https:\/\/247stiri.ro\/index.php\/wp-json\/wp\/v2\/media?parent=4269"}],"wp:term":[{"taxonomy":"category","embeddable":true,"href":"https:\/\/247stiri.ro\/index.php\/wp-json\/wp\/v2\/categories?post=4269"},{"taxonomy":"post_tag","embeddable":true,"href":"https:\/\/247stiri.ro\/index.php\/wp-json\/wp\/v2\/tags?post=4269"}],"curies":[{"name":"wp","href":"https:\/\/api.w.org\/{rel}","templated":true}]}}