{"id":42693,"date":"2025-03-26T09:44:55","date_gmt":"2025-03-26T09:44:55","guid":{"rendered":"https:\/\/247stiri.ro\/index.php\/2025\/03\/26\/incendiu-de-proportii-in-neamt-sapte-hectare-de-vegetatie-au-fost-mistuite-de-flacari\/"},"modified":"2025-03-26T09:44:55","modified_gmt":"2025-03-26T09:44:55","slug":"incendiu-de-proportii-in-neamt-sapte-hectare-de-vegetatie-au-fost-mistuite-de-flacari","status":"publish","type":"post","link":"https:\/\/247stiri.ro\/index.php\/2025\/03\/26\/incendiu-de-proportii-in-neamt-sapte-hectare-de-vegetatie-au-fost-mistuite-de-flacari\/","title":{"rendered":"Incendiu de propor\u021bii \u00een Neam\u021b. \u0218apte hectare de vegeta\u021bie au fost mistuite de fl\u0103c\u0103ri"},"content":{"rendered":"<p>Inspectoratul pentru Situa\u021bii de Urgen\u021b\u0103 (ISU) Neam\u021b a anun\u021bat miercuri c\u0103 \u0219apte hectare de vegeta\u021bie au fost distruse de un <a href=\"https:\/\/www.realitatea.net\/stiri\/actual\/incendiu-devastator-biserica-din-lemn-din-incinta-muzeului-satului-banatean-din-timisoara-a-fost-mistuita-de-flacari-lacasul-avea-o-vechime-de-aproape-300-de-ani-fotovideo_67e3a50758597d203e0d47e2\" target=\"_blank\">incendiu<\/a>, care a fost provocat inten\u021bionat, \u00een localitatea Petru Vod\u0103.<\/p>\n<p>La fa\u021ba locului s-au deplasat pompierii militari din T\u00e2rgu Neam\u021b \u0219i Poiana Teiului, dar \u0219i voluntari din ocoalele silvice din zon\u0103, care s-au luptat aproximativ opt ore cu fl\u0103c\u0103rile.\u00a0<\/p>\n<p>&#8222;Incendiul s-a manifestat la o distan\u021b\u0103 de aproximativ 1,5 kilometri fa\u021b\u0103 de drumul de acces al autospecialelor, pe o suprafa\u021b\u0103 de aproximativ \u0219apte hectare, exist\u00e2nd posibilitatea propag\u0103rii la fondul forestier. Focul deschis \u00een spa\u021bii deschise a fost cauza probabil\u0103 de producere a incendiului&#8221;, a declarat purt\u0103torul de cuv\u00e2nt al ISU Neam\u021b, Irina Popa.<\/p>\n<p>Pompierii le atrag aten\u021bia rom\u00e2nilor c\u0103 incendiile de vegeta\u021bie uscat\u0103 se pot propaga la locuin\u021be gospod\u0103rii sau p\u0103duri, pun\u00e2nd \u00een pericol inclusiv via\u021ba oamenilor.<\/p>\n<p>Mai mult, ei au subliniat c\u0103 \u00een cazul realiz\u0103rii igieniz\u0103rii terenurilor prin ardere, este obligatorie ob\u021binerea acceptului de la Agen\u021bia pentru Protec\u021bia Mediului \u0219i a permisului de lucru cu focul.<\/p>\n<p>Conform legii, arderea miri\u0219tilor, a litierelor p\u0103durii sau a vegeta\u021biei ierboase este strict interzis\u0103 \u0219i constituie contraven\u021bie, fiind sanc\u021bionat\u0103 cu amend\u0103 de la 7.500 de lei la 15.000 de lei, pentru persoane fizice, \u0219i de la 50.000 de lei la 100.000 de lei, pentru persoane juridice.\u00a0<\/p>","protected":false},"excerpt":{"rendered":"<p>Inspectoratul pentru Situa\u021bii de Urgen\u021b\u0103 (ISU) Neam\u021b a anun\u021bat miercuri c\u0103 \u0219apte hectare de vegeta\u021bie&hellip;<\/p>\n","protected":false},"author":0,"featured_media":42694,"comment_status":"open","ping_status":"open","sticky":false,"template":"","format":"standard","meta":{"footnotes":""},"categories":[2],"tags":[],"class_list":["post-42693","post","type-post","status-publish","format-standard","has-post-thumbnail","hentry","category-actual"],"_links":{"self":[{"href":"https:\/\/247stiri.ro\/index.php\/wp-json\/wp\/v2\/posts\/42693","targetHints":{"allow":["GET"]}}],"collection":[{"href":"https:\/\/247stiri.ro\/index.php\/wp-json\/wp\/v2\/posts"}],"about":[{"href":"https:\/\/247stiri.ro\/index.php\/wp-json\/wp\/v2\/types\/post"}],"replies":[{"embeddable":true,"href":"https:\/\/247stiri.ro\/index.php\/wp-json\/wp\/v2\/comments?post=42693"}],"version-history":[{"count":0,"href":"https:\/\/247stiri.ro\/index.php\/wp-json\/wp\/v2\/posts\/42693\/revisions"}],"wp:featuredmedia":[{"embeddable":true,"href":"https:\/\/247stiri.ro\/index.php\/wp-json\/wp\/v2\/media\/42694"}],"wp:attachment":[{"href":"https:\/\/247stiri.ro\/index.php\/wp-json\/wp\/v2\/media?parent=42693"}],"wp:term":[{"taxonomy":"category","embeddable":true,"href":"https:\/\/247stiri.ro\/index.php\/wp-json\/wp\/v2\/categories?post=42693"},{"taxonomy":"post_tag","embeddable":true,"href":"https:\/\/247stiri.ro\/index.php\/wp-json\/wp\/v2\/tags?post=42693"}],"curies":[{"name":"wp","href":"https:\/\/api.w.org\/{rel}","templated":true}]}}