{"id":42699,"date":"2025-03-26T10:45:08","date_gmt":"2025-03-26T10:45:08","guid":{"rendered":"https:\/\/247stiri.ro\/index.php\/2025\/03\/26\/acuzatii-soc-protestatarii-spun-ca-politistii-blocheaza-autocarele-cu-oamenii-care-vor-sa-vina-la-manifestatia-din-capitala\/"},"modified":"2025-03-26T10:45:08","modified_gmt":"2025-03-26T10:45:08","slug":"acuzatii-soc-protestatarii-spun-ca-politistii-blocheaza-autocarele-cu-oamenii-care-vor-sa-vina-la-manifestatia-din-capitala","status":"publish","type":"post","link":"https:\/\/247stiri.ro\/index.php\/2025\/03\/26\/acuzatii-soc-protestatarii-spun-ca-politistii-blocheaza-autocarele-cu-oamenii-care-vor-sa-vina-la-manifestatia-din-capitala\/","title":{"rendered":"Acuza\u021bii-\u0219oc: protestatarii spun c\u0103 poli\u021bi\u0219tii BLOCHEAZ\u0102 autocarele cu oamenii care vor s\u0103 vin\u0103 la manifesta\u021bia din Capital\u0103"},"content":{"rendered":"","protected":false},"excerpt":{"rendered":"","protected":false},"author":0,"featured_media":42700,"comment_status":"open","ping_status":"open","sticky":false,"template":"","format":"standard","meta":{"footnotes":""},"categories":[2],"tags":[],"class_list":["post-42699","post","type-post","status-publish","format-standard","has-post-thumbnail","hentry","category-actual"],"_links":{"self":[{"href":"https:\/\/247stiri.ro\/index.php\/wp-json\/wp\/v2\/posts\/42699","targetHints":{"allow":["GET"]}}],"collection":[{"href":"https:\/\/247stiri.ro\/index.php\/wp-json\/wp\/v2\/posts"}],"about":[{"href":"https:\/\/247stiri.ro\/index.php\/wp-json\/wp\/v2\/types\/post"}],"replies":[{"embeddable":true,"href":"https:\/\/247stiri.ro\/index.php\/wp-json\/wp\/v2\/comments?post=42699"}],"version-history":[{"count":0,"href":"https:\/\/247stiri.ro\/index.php\/wp-json\/wp\/v2\/posts\/42699\/revisions"}],"wp:featuredmedia":[{"embeddable":true,"href":"https:\/\/247stiri.ro\/index.php\/wp-json\/wp\/v2\/media\/42700"}],"wp:attachment":[{"href":"https:\/\/247stiri.ro\/index.php\/wp-json\/wp\/v2\/media?parent=42699"}],"wp:term":[{"taxonomy":"category","embeddable":true,"href":"https:\/\/247stiri.ro\/index.php\/wp-json\/wp\/v2\/categories?post=42699"},{"taxonomy":"post_tag","embeddable":true,"href":"https:\/\/247stiri.ro\/index.php\/wp-json\/wp\/v2\/tags?post=42699"}],"curies":[{"name":"wp","href":"https:\/\/api.w.org\/{rel}","templated":true}]}}