{"id":42705,"date":"2025-03-26T10:45:10","date_gmt":"2025-03-26T10:45:10","guid":{"rendered":"https:\/\/247stiri.ro\/index.php\/2025\/03\/26\/condamnat-la-inchisoare-dupa-ce-a-furat-carne-si-slanina-dintr-o-afumatoare\/"},"modified":"2025-03-26T10:45:10","modified_gmt":"2025-03-26T10:45:10","slug":"condamnat-la-inchisoare-dupa-ce-a-furat-carne-si-slanina-dintr-o-afumatoare","status":"publish","type":"post","link":"https:\/\/247stiri.ro\/index.php\/2025\/03\/26\/condamnat-la-inchisoare-dupa-ce-a-furat-carne-si-slanina-dintr-o-afumatoare\/","title":{"rendered":"Condamnat la \u00eenchisoare dup\u0103 ce a furat carne \u0219i sl\u0103nin\u0103 dintr-o afum\u0103toare"},"content":{"rendered":"<p>La Judec\u0103toria Huedin a fost dat verdictul \u00eentr-un dosar mai pu\u0163in obi\u015fnuit. Un b\u0103rbat a fost condamnat la un an \u015fi patru luni de \u00eenchisoare cu suspendare dup\u0103 ce s-a dovedit c\u0103 \u00een 2023 a furat din afum\u0103toarea unui fermier pentru care lucrase diferite cantit\u0103\u0163i de carne \u015fi sl\u0103nin\u0103.<\/p>\n<p>Incidentul a avut loc \u00een februarie 2023, c\u00e2nd fermierul a constat c\u0103 din afum\u0103toare \u00eei lipsesc 8 table de sl\u0103nin\u0103, trei picioare de porc, o bucat\u0103 de coaste de porc \u0219i patru oase cu carne \u015fi a sesizat poli\u0163ia.<\/p>\n<p>Principalul suspect pe care l-a indicat fermierul a fost chiar b\u0103rbatul din Huedin care lucrase o vreme pentru el \u015fi locuia \u00eentr-o rulot\u0103 aflat\u0103 l\u00e2ng\u0103 liniile de cale ferat\u0103 din Huedin. Urm\u0103rind aceast\u0103 pist\u0103, poli\u0163i\u015ftii au descoperit c\u0103 urmele de pa\u015fi l\u0103sate \u00een z\u0103pad\u0103 de ho\u0163 i-au conduc chiar spre zona unde locuia suspectul, care \u015fi-a recunoscut imediat fapta.<\/p>\n<p>B\u0103rbatul a povestit c\u0103, din cauz\u0103 c\u0103 a r\u0103mas f\u0103r\u0103 bani de m\u00e2ncare \u015fi \u0163ig\u0103ri, s-a strecurat noaptea \u00een afum\u0103toarea fostului s\u0103u anagajator, de unde a furat mai multe buc\u0103\u021bi de carne \u0219i sl\u0103nin\u0103, pe care le-a transportat \u00eentr-un rucsac, potrivit presei locale.<\/p>\n<p>\u201e\u00cen declara\u021bia sa a ar\u0103tat c\u0103 a lucrat pentru persoana v\u0103t\u0103mat\u0103 \u00een cursul lunii ianuarie 2023 timp de aproximativ dou\u0103 s\u0103pt\u0103m\u00e2ni iar apoi a plecat la munc\u0103 la o alt\u0103 ferm\u0103 de animale. La data de 09.02.2023 a revenit \u00een ora\u015ful Huedin \u015fi s-a cazat la o prieten\u0103.<\/p>\n<p>\u00centruc\u00e2t nu avea bani de m\u00e2ncare \u015fi \u0163ig\u0103ri \u00een noaptea dintre 09-10.02.2023 \u00een jurul orelor 03:00 a mers de la locuin\u0163a martorei la ferma familiei persoanei v\u0103t\u0103mate \u015fi a p\u0103truns \u00een curtea acesteia iar dintr-o afum\u0103toare unde \u015ftia c\u0103 se afl\u0103 o cantitate de sl\u0103nin\u0103 \u015fi carne de porc a sustras mai multe produse alimentare.<\/p>\n<p>Inculpatul a relatat c\u0103 a sustras 6 buc\u0103\u021bi de sl\u0103nin\u0103 \u015fi mai multe buc\u0103\u0163i de carne pe care le-a transportat \u00eentr-un rucsac. \u00centruc\u00e2t rucsacul era greu \u00een timp ce se \u00eendrepta spre ora\u015f pe l\u00e2ng\u0103 calea ferat\u0103 a aruncat dou\u0103 buc\u0103\u0163i de sl\u0103nin\u0103. \u00cen ceea ce prive\u015fte celelalte bunuri sustrase arat\u0103 c\u0103 s-a \u00eentors cu ele la locuin\u0163a martorei \u015fi le-a l\u0103sat \u00een casa acesteia\u201d, potrivit judec\u0103torilor clujeni.<\/p>","protected":false},"excerpt":{"rendered":"<p>La Judec\u0103toria Huedin a fost dat verdictul \u00eentr-un dosar mai pu\u0163in obi\u015fnuit. Un b\u0103rbat a&hellip;<\/p>\n","protected":false},"author":0,"featured_media":42706,"comment_status":"open","ping_status":"open","sticky":false,"template":"","format":"standard","meta":{"footnotes":""},"categories":[2],"tags":[],"class_list":["post-42705","post","type-post","status-publish","format-standard","has-post-thumbnail","hentry","category-actual"],"_links":{"self":[{"href":"https:\/\/247stiri.ro\/index.php\/wp-json\/wp\/v2\/posts\/42705","targetHints":{"allow":["GET"]}}],"collection":[{"href":"https:\/\/247stiri.ro\/index.php\/wp-json\/wp\/v2\/posts"}],"about":[{"href":"https:\/\/247stiri.ro\/index.php\/wp-json\/wp\/v2\/types\/post"}],"replies":[{"embeddable":true,"href":"https:\/\/247stiri.ro\/index.php\/wp-json\/wp\/v2\/comments?post=42705"}],"version-history":[{"count":0,"href":"https:\/\/247stiri.ro\/index.php\/wp-json\/wp\/v2\/posts\/42705\/revisions"}],"wp:featuredmedia":[{"embeddable":true,"href":"https:\/\/247stiri.ro\/index.php\/wp-json\/wp\/v2\/media\/42706"}],"wp:attachment":[{"href":"https:\/\/247stiri.ro\/index.php\/wp-json\/wp\/v2\/media?parent=42705"}],"wp:term":[{"taxonomy":"category","embeddable":true,"href":"https:\/\/247stiri.ro\/index.php\/wp-json\/wp\/v2\/categories?post=42705"},{"taxonomy":"post_tag","embeddable":true,"href":"https:\/\/247stiri.ro\/index.php\/wp-json\/wp\/v2\/tags?post=42705"}],"curies":[{"name":"wp","href":"https:\/\/api.w.org\/{rel}","templated":true}]}}