{"id":4271,"date":"2024-11-04T08:47:54","date_gmt":"2024-11-04T08:47:54","guid":{"rendered":"https:\/\/247stiri.ro\/index.php\/2024\/11\/04\/greva-de-avertisment-la-arhivele-nationale-care-sunt-revendicarile-sindicalistilor\/"},"modified":"2024-11-04T08:47:54","modified_gmt":"2024-11-04T08:47:54","slug":"greva-de-avertisment-la-arhivele-nationale-care-sunt-revendicarile-sindicalistilor","status":"publish","type":"post","link":"https:\/\/247stiri.ro\/index.php\/2024\/11\/04\/greva-de-avertisment-la-arhivele-nationale-care-sunt-revendicarile-sindicalistilor\/","title":{"rendered":"Grev\u0103 de AVERTISMENT la Arhivele Na\u021bionale. Care sunt revendic\u0103rile sindicali\u0219tilor"},"content":{"rendered":"<p>Sindicali\u015ftii reclam\u0103 c\u0103 sunt singurii unde discrimin\u0103rile salariale persist\u0103, acuz\u00e2nd coducerea Ministerului de Interne de dezinteres.<\/p>\n<p>\u201dMoment istoric! PRIMA GREV\u0102 din Ministerul Afacerilor Interne! Ast\u0103zi,\u00a0 04.11.2024, \u00een intervalul orar 12:00-14:00, angaja\u0163ii Arhivelor Na\u0163ionale ale Rom\u00e2niei func\u0163ionari publici, membrii ai Sindicatului Europol (afiliat BNS), din toate structurile jude\u0163ene \u015fi din municipiul Bucure\u015fti intr\u0103 \u00een grev\u0103 de avertisment, \u00eentruc\u00e2t au e\u015fuat toate activit\u0103\u0163ile de negociere cu factorii decizionali pentru eliminarea discrimin\u0103rii salariale dintre structurile jude\u0163ene \u015fi aparatul central al institu\u0163iei\u201d, au transmis, luni, BND, \u00eentr-un comunicat de pres\u0103.<\/p>\n<p>\u00a0<\/p>\n<p>Potrivit sindicali\u015ftilor, cu toate c\u0103 exist\u0103 Decizia 80 a \u00ceCCJ din 2023 prin care s-au eliminat discrimin\u0103rile salariale la toate institu\u0163iile, \u201dArhivele Na\u0163ionale a ramas singura institutie \u00een care aceasta discriminare a persistat din cauza conducerii Ministerului de Interne care a dat dovad\u0103 de dezinteres pentru rezolvarea acestei solicitari a lucr\u0103torilor din aceast\u0103 institu\u0163ie\u201d.<\/p>","protected":false},"excerpt":{"rendered":"<p>Sindicali\u015ftii reclam\u0103 c\u0103 sunt singurii unde discrimin\u0103rile salariale persist\u0103, acuz\u00e2nd coducerea Ministerului de Interne de&hellip;<\/p>\n","protected":false},"author":0,"featured_media":4272,"comment_status":"open","ping_status":"open","sticky":false,"template":"","format":"standard","meta":{"footnotes":""},"categories":[2],"tags":[],"class_list":["post-4271","post","type-post","status-publish","format-standard","has-post-thumbnail","hentry","category-actual"],"_links":{"self":[{"href":"https:\/\/247stiri.ro\/index.php\/wp-json\/wp\/v2\/posts\/4271","targetHints":{"allow":["GET"]}}],"collection":[{"href":"https:\/\/247stiri.ro\/index.php\/wp-json\/wp\/v2\/posts"}],"about":[{"href":"https:\/\/247stiri.ro\/index.php\/wp-json\/wp\/v2\/types\/post"}],"replies":[{"embeddable":true,"href":"https:\/\/247stiri.ro\/index.php\/wp-json\/wp\/v2\/comments?post=4271"}],"version-history":[{"count":0,"href":"https:\/\/247stiri.ro\/index.php\/wp-json\/wp\/v2\/posts\/4271\/revisions"}],"wp:featuredmedia":[{"embeddable":true,"href":"https:\/\/247stiri.ro\/index.php\/wp-json\/wp\/v2\/media\/4272"}],"wp:attachment":[{"href":"https:\/\/247stiri.ro\/index.php\/wp-json\/wp\/v2\/media?parent=4271"}],"wp:term":[{"taxonomy":"category","embeddable":true,"href":"https:\/\/247stiri.ro\/index.php\/wp-json\/wp\/v2\/categories?post=4271"},{"taxonomy":"post_tag","embeddable":true,"href":"https:\/\/247stiri.ro\/index.php\/wp-json\/wp\/v2\/tags?post=4271"}],"curies":[{"name":"wp","href":"https:\/\/api.w.org\/{rel}","templated":true}]}}