{"id":42718,"date":"2025-03-26T11:44:56","date_gmt":"2025-03-26T11:44:56","guid":{"rendered":"https:\/\/247stiri.ro\/index.php\/2025\/03\/26\/panica-intr-o-scoala-din-targu-jiu-150-de-persoane-s-au-autoevacuat-dupa-ce-un-incendiu-a-cuprins-acoperisul\/"},"modified":"2025-03-26T11:44:56","modified_gmt":"2025-03-26T11:44:56","slug":"panica-intr-o-scoala-din-targu-jiu-150-de-persoane-s-au-autoevacuat-dupa-ce-un-incendiu-a-cuprins-acoperisul","status":"publish","type":"post","link":"https:\/\/247stiri.ro\/index.php\/2025\/03\/26\/panica-intr-o-scoala-din-targu-jiu-150-de-persoane-s-au-autoevacuat-dupa-ce-un-incendiu-a-cuprins-acoperisul\/","title":{"rendered":"Panic\u0103 \u00eentr-o \u0219coal\u0103 din T\u00e2rgu Jiu. 150 de persoane s-au autoevacuat dup\u0103 ce un incendiu a cuprins acoperi\u0219ul"},"content":{"rendered":"<p><a href=\"https:\/\/www.realitatea.net\/stiri\/actual\/incendiu-devastator-biserica-din-lemn-din-incinta-muzeului-satului-banatean-din-timisoara-a-fost-mistuita-de-flacari-lacasul-avea-o-vechime-de-aproape-300-de-ani-fotovideo_67e3a50758597d203e0d47e2\" target=\"_blank\">Incidentul <\/a>a avut loc miercuri, la \u0218coala Gimnazial\u0103 \u201dAlexandru \u015etef\u0103nescu\u201d din T\u00e2rgu Jiu, iar la fa\u021ba locului au intervenit pompierii cu dou\u0103 autospeciale cu ap\u0103 \u0219i spum\u0103.\u00a0<\/p>\n<p>\u201dAm fost anunta\u0163i prin num\u0103rul unic de urgent\u0163\u0103 112 despre un posibil incendiu la acoperi\u015ful \u015ecolii Gimnaziale \u00abAlexandru \u015etef\u0103nescu\u00bb din Tg-Jiu.<\/p>\n<p>\u00cen acest moment sunt la fa\u0163a locului echipajele de pompieri din cadrul Deta\u015famentului de Pompieri Tg-Jiu cu dou\u0103 autospeciale de stins incendii cu apa \u015fi spuma, o autoplatforma \u015fi o ambulanta SMURD\u201d, a transmis, miercuri, ISU Gorj.<\/p>\n<p>Reprezentan\u021bii institu\u021biei au men\u021bionat c\u0103 p\u00e2n\u0103 la sosirea echipajelor la fa\u0163a locului, aproximativ 150 de persoane se autoevacuaser\u0103.<\/p>","protected":false},"excerpt":{"rendered":"<p>Incidentul a avut loc miercuri, la \u0218coala Gimnazial\u0103 \u201dAlexandru \u015etef\u0103nescu\u201d din T\u00e2rgu Jiu, iar la&hellip;<\/p>\n","protected":false},"author":0,"featured_media":42719,"comment_status":"open","ping_status":"open","sticky":false,"template":"","format":"standard","meta":{"footnotes":""},"categories":[2],"tags":[],"class_list":["post-42718","post","type-post","status-publish","format-standard","has-post-thumbnail","hentry","category-actual"],"_links":{"self":[{"href":"https:\/\/247stiri.ro\/index.php\/wp-json\/wp\/v2\/posts\/42718","targetHints":{"allow":["GET"]}}],"collection":[{"href":"https:\/\/247stiri.ro\/index.php\/wp-json\/wp\/v2\/posts"}],"about":[{"href":"https:\/\/247stiri.ro\/index.php\/wp-json\/wp\/v2\/types\/post"}],"replies":[{"embeddable":true,"href":"https:\/\/247stiri.ro\/index.php\/wp-json\/wp\/v2\/comments?post=42718"}],"version-history":[{"count":0,"href":"https:\/\/247stiri.ro\/index.php\/wp-json\/wp\/v2\/posts\/42718\/revisions"}],"wp:featuredmedia":[{"embeddable":true,"href":"https:\/\/247stiri.ro\/index.php\/wp-json\/wp\/v2\/media\/42719"}],"wp:attachment":[{"href":"https:\/\/247stiri.ro\/index.php\/wp-json\/wp\/v2\/media?parent=42718"}],"wp:term":[{"taxonomy":"category","embeddable":true,"href":"https:\/\/247stiri.ro\/index.php\/wp-json\/wp\/v2\/categories?post=42718"},{"taxonomy":"post_tag","embeddable":true,"href":"https:\/\/247stiri.ro\/index.php\/wp-json\/wp\/v2\/tags?post=42718"}],"curies":[{"name":"wp","href":"https:\/\/api.w.org\/{rel}","templated":true}]}}