{"id":42726,"date":"2025-03-26T11:44:59","date_gmt":"2025-03-26T11:44:59","guid":{"rendered":"https:\/\/247stiri.ro\/index.php\/2025\/03\/26\/vreme-rece-in-capitala-cu-ploi-si-intensificari-ale-vantului-pana-sambata-ce-spune-prognoza-speciala-a-anm\/"},"modified":"2025-03-26T11:44:59","modified_gmt":"2025-03-26T11:44:59","slug":"vreme-rece-in-capitala-cu-ploi-si-intensificari-ale-vantului-pana-sambata-ce-spune-prognoza-speciala-a-anm","status":"publish","type":"post","link":"https:\/\/247stiri.ro\/index.php\/2025\/03\/26\/vreme-rece-in-capitala-cu-ploi-si-intensificari-ale-vantului-pana-sambata-ce-spune-prognoza-speciala-a-anm\/","title":{"rendered":"Vreme rece \u00een Capital\u0103, cu ploi \u0219i intensific\u0103ri ale v\u00e2ntului, p\u00e2n\u0103 s\u00e2mb\u0103t\u0103. Ce spune prognoza special\u0103 a ANM"},"content":{"rendered":"<p>26.03.2025 Ora 10:00 &#8211; 27.03.2025 Ora 08:00<\/p>\n<p>Valorile termice diurne vor fi mai sc\u0103zute fa\u021b\u0103 de ziua precedent\u0103, dar \u00een continuare peste normelecaracteristice datei. Temperatura maxim\u0103 se va situa \u00een jurul valorii de 19 grade, iar cea minim\u0103 va fi de9&#8230;10 grade. Cerul va avea \u00eennor\u0103ri \u0219i trec\u0103tor, cu o probabilitate mai mare dup\u0103-amiaza \u0219i seara va ploua.V\u00e2ntul va sufla moderat cu u\u0219oare intensific\u0103ri noaptea.<\/p>\n<p>27.03.2025 Ora 08:00 &#8211; 28.03.2025 Ora 08:00<\/p>\n<p>Vremea va fi u\u0219or mai cald\u0103 dec\u00e2t \u00een mod caracteristic datei. Cerul va avea \u00eennor\u0103ri \u0219i temporar va ploua.V\u00e2ntul va avea temporar intensific\u0103ri, cu viteze mai mari \u00een partea a doua a intervalului (45&#8230;55 km\/h).Temperatura maxim\u0103 va fi 16&#8230;18 grade, iar cea minim\u0103 de 7&#8230;9 grade.<\/p>\n<p>28.03.2025 Ora 08:00 &#8211; 29.03.2025 Ora 08:00<\/p>\n<p>Vremea va fi \u00een general \u00eenchis\u0103 \u0219i va deveni normal\u0103 din punct de vedere termic. Temporar va ploua, maiales sub form\u0103 de avers\u0103, iar cantit\u0103\u021bile de ap\u0103 vor putea fi \u00eensemnate. V\u00e2ntul va avea intensific\u0103ri, cuviteze \u00een general de 50&#8230;55 km\/h. Temperatura maxim\u0103 va fi de 13&#8230;15 grade, iar cea minim\u0103 se va situa \u00eenjurul valorii de 7 grade.<\/p>\n<p>29.03.2025 Ora 08:00 &#8211; 29.03.2025 Ora 18:00<\/p>\n<p>Valorile termice se vor situa \u00een jurul celor caracteristice datei. Cerul va avea \u00eennor\u0103ri \u0219i vor mai fi condi\u021biica trec\u0103tor s\u0103 plou\u0103 slab. V\u00e2ntul va sufla \u00een general moderat. Temperatura maxim\u0103 va fi \u00een jur de 14 grade.<\/p>","protected":false},"excerpt":{"rendered":"<p>26.03.2025 Ora 10:00 &#8211; 27.03.2025 Ora 08:00 Valorile termice diurne vor fi mai sc\u0103zute fa\u021b\u0103&hellip;<\/p>\n","protected":false},"author":0,"featured_media":42727,"comment_status":"open","ping_status":"open","sticky":false,"template":"","format":"standard","meta":{"footnotes":""},"categories":[2],"tags":[],"class_list":["post-42726","post","type-post","status-publish","format-standard","has-post-thumbnail","hentry","category-actual"],"_links":{"self":[{"href":"https:\/\/247stiri.ro\/index.php\/wp-json\/wp\/v2\/posts\/42726","targetHints":{"allow":["GET"]}}],"collection":[{"href":"https:\/\/247stiri.ro\/index.php\/wp-json\/wp\/v2\/posts"}],"about":[{"href":"https:\/\/247stiri.ro\/index.php\/wp-json\/wp\/v2\/types\/post"}],"replies":[{"embeddable":true,"href":"https:\/\/247stiri.ro\/index.php\/wp-json\/wp\/v2\/comments?post=42726"}],"version-history":[{"count":0,"href":"https:\/\/247stiri.ro\/index.php\/wp-json\/wp\/v2\/posts\/42726\/revisions"}],"wp:featuredmedia":[{"embeddable":true,"href":"https:\/\/247stiri.ro\/index.php\/wp-json\/wp\/v2\/media\/42727"}],"wp:attachment":[{"href":"https:\/\/247stiri.ro\/index.php\/wp-json\/wp\/v2\/media?parent=42726"}],"wp:term":[{"taxonomy":"category","embeddable":true,"href":"https:\/\/247stiri.ro\/index.php\/wp-json\/wp\/v2\/categories?post=42726"},{"taxonomy":"post_tag","embeddable":true,"href":"https:\/\/247stiri.ro\/index.php\/wp-json\/wp\/v2\/tags?post=42726"}],"curies":[{"name":"wp","href":"https:\/\/api.w.org\/{rel}","templated":true}]}}