{"id":4273,"date":"2024-11-04T08:47:57","date_gmt":"2024-11-04T08:47:57","guid":{"rendered":"https:\/\/247stiri.ro\/index.php\/2024\/11\/04\/elevii-se-intorc-astazi-in-banci-cand-incepe-vacanta-de-iarna-si-cate-zile-libere-vor-avea-copiii\/"},"modified":"2024-11-04T08:47:57","modified_gmt":"2024-11-04T08:47:57","slug":"elevii-se-intorc-astazi-in-banci-cand-incepe-vacanta-de-iarna-si-cate-zile-libere-vor-avea-copiii","status":"publish","type":"post","link":"https:\/\/247stiri.ro\/index.php\/2024\/11\/04\/elevii-se-intorc-astazi-in-banci-cand-incepe-vacanta-de-iarna-si-cate-zile-libere-vor-avea-copiii\/","title":{"rendered":"Elevii se \u00eentorc ast\u0103zi \u00een b\u0103nci. C\u00e2nd \u00eencepe vacan\u021ba de iarn\u0103 \u0219i c\u00e2te zile libere vor avea copiii"},"content":{"rendered":"<p>Elevii din toat\u0103 \u021bara se \u00eentorc ast\u0103zi \u00een b\u0103nci, dup\u0103 o s\u0103pt\u0103m\u00e2n\u0103 de vacan\u021b\u0103. Ace\u0219tia au \u00eencheiat practic cursurile primului modul al anului \u0219colar 2024-2025 \u0219i \u00eel \u00eencep pe al doilea.\u00a0<\/p>\n<p><a href=\"https:\/\/www.realitatea.net\/stiri\/actual\/cand-incepe-postul-craciunului-in-2024-zilele-cu-dezlegare-la-peste_6716096b83a4046dba09a232\" target=\"_blank\" rel=\"noopener\">C\u00e2nd \u00eencepe Postul Cr\u0103ciunului \u00een 2024. Zilele cu dezlegare la pe\u0219te<\/a><\/p>\n<p>Conform calendarului aprobat de Ministerul Educa\u021biei condus de Ligia Deca, anul \u015fcolar 2024-2025 este structurat pe intervale de cursuri \u015fi intervale de vacan\u0163\u0103, astfel:<\/p>\n<p>1.) Intervale de cursuri:<\/p>\n<p>&#8211; de luni, 9 septembrie 2024, p\u00e2n\u0103 vineri, 25 octombrie 2024;- de luni, 4 noiembrie 2024, p\u00e2n\u0103 vineri, 20 decembrie 2024;- de miercuri, 8 ianuarie 2025, p\u00e2n\u0103 vineri, 7 februarie 2025, respectiv vineri, 14 februarie 2025, sau vineri, 21 februarie 2025, dup\u0103 caz, la decizia inspectoratelor \u015fcolare jude\u0163ene\/al municipiului Bucure\u015fti, \u00een urma consult\u0103rilor cu beneficiarii primari ai educa\u0163iei, cu p\u0103rin\u0163ii\/reprezentan\u0163ii legali ai acestora \u015fi cu cadrele didactice, realizate la nivelul unit\u0103\u0163ilor de \u00eenv\u0103\u0163\u0103m\u00e2nt;- de luni, 17 februarie 2025, respectiv luni, 24 februarie 2025, sau luni, 3 martie 2025, la decizia inspectoratelor \u015fcolare jude\u0163ene\/al municipiului Bucure\u015fti, dup\u0103 caz, p\u00e2n\u0103 joi, 17 aprilie 2025;- de luni, 28 aprilie 2025, p\u00e2n\u0103 vineri, 20 iunie 2025;<\/p>\n<p><a href=\"https:\/\/www.realitatea.net\/stiri\/actual\/cate-zile-libere-de-la-stat-vor-avea-romanii-in-2025-calendarul-complet-al-minivacantelor-in-anul-ce-vine_67160de43f957a57743a9cfe#google_vignette\" target=\"_blank\" rel=\"noopener\">C\u00e2te zile libere de la stat vor avea rom\u00e2nii \u00een 2025. Calendarul complet al mini-vacan\u021belor \u00een anul ce vine<\/a><\/p>\n<p>2.) Intervale de vacan\u0163\u0103:<\/p>\n<p>&#8211; de s\u00e2mb\u0103t\u0103, 26 octombrie 2024, p\u00e2n\u0103 duminic\u0103, 3 noiembrie 2024;- de s\u00e2mb\u0103t\u0103, 21 decembrie 2024, p\u00e2n\u0103 mar\u0163i, 7 ianuarie 2025;- o s\u0103pt\u0103m\u00e2n\u0103, la decizia inspectoratelor \u015fcolare jude\u0163ene\/al municipiului Bucure\u015fti, \u00een perioada 10 februarie &#8211; 2 martie 2025;- de vineri, 18 aprilie 2025, p\u00e2n\u0103 duminic\u0103, 27 aprilie 2025;- de s\u00e2mb\u0103t\u0103, 21 iunie 2025, p\u00e2n\u0103 duminic\u0103, 7 septembrie 2025.<\/p>\n<p>\u00cen vigoare a r\u0103mas \u0219i urm\u0103toarea men\u021biune important\u0103, potrivit c\u0103reia \u00een zilele nelucr\u0103toare sau de s\u0103rb\u0103toare legal\u0103 prev\u0103zute de lege \u015fi de contractul colectiv de munc\u0103 aplicabil nu se organizeaz\u0103 cursuri.<\/p>\n<p>Programul na\u0163ional &#8222;\u015ecoala altfel&#8221; \u015fi Programul &#8222;S\u0103pt\u0103m\u00e2na verde&#8221; se desf\u0103\u015foar\u0103 \u00een perioada 9 septembrie 2024 &#8211; 30 mai 2025, \u00een intervale de c\u00e2te cinci zile consecutive lucr\u0103toare, a c\u0103ror planificare se afl\u0103 la decizia unit\u0103\u0163ii de \u00eenv\u0103\u0163\u0103m\u00e2nt.<\/p>","protected":false},"excerpt":{"rendered":"<p>Elevii din toat\u0103 \u021bara se \u00eentorc ast\u0103zi \u00een b\u0103nci, dup\u0103 o s\u0103pt\u0103m\u00e2n\u0103 de vacan\u021b\u0103. Ace\u0219tia&hellip;<\/p>\n","protected":false},"author":0,"featured_media":4274,"comment_status":"open","ping_status":"open","sticky":false,"template":"","format":"standard","meta":{"footnotes":""},"categories":[2],"tags":[],"class_list":["post-4273","post","type-post","status-publish","format-standard","has-post-thumbnail","hentry","category-actual"],"_links":{"self":[{"href":"https:\/\/247stiri.ro\/index.php\/wp-json\/wp\/v2\/posts\/4273","targetHints":{"allow":["GET"]}}],"collection":[{"href":"https:\/\/247stiri.ro\/index.php\/wp-json\/wp\/v2\/posts"}],"about":[{"href":"https:\/\/247stiri.ro\/index.php\/wp-json\/wp\/v2\/types\/post"}],"replies":[{"embeddable":true,"href":"https:\/\/247stiri.ro\/index.php\/wp-json\/wp\/v2\/comments?post=4273"}],"version-history":[{"count":0,"href":"https:\/\/247stiri.ro\/index.php\/wp-json\/wp\/v2\/posts\/4273\/revisions"}],"wp:featuredmedia":[{"embeddable":true,"href":"https:\/\/247stiri.ro\/index.php\/wp-json\/wp\/v2\/media\/4274"}],"wp:attachment":[{"href":"https:\/\/247stiri.ro\/index.php\/wp-json\/wp\/v2\/media?parent=4273"}],"wp:term":[{"taxonomy":"category","embeddable":true,"href":"https:\/\/247stiri.ro\/index.php\/wp-json\/wp\/v2\/categories?post=4273"},{"taxonomy":"post_tag","embeddable":true,"href":"https:\/\/247stiri.ro\/index.php\/wp-json\/wp\/v2\/tags?post=4273"}],"curies":[{"name":"wp","href":"https:\/\/api.w.org\/{rel}","templated":true}]}}