{"id":42734,"date":"2025-03-26T12:45:03","date_gmt":"2025-03-26T12:45:03","guid":{"rendered":"https:\/\/247stiri.ro\/index.php\/2025\/03\/26\/ciolacu-explica-suspendarea-ridicarii-vizelor-pentru-sua-anuntul-nu-e-legat-de-romania\/"},"modified":"2025-03-26T12:45:03","modified_gmt":"2025-03-26T12:45:03","slug":"ciolacu-explica-suspendarea-ridicarii-vizelor-pentru-sua-anuntul-nu-e-legat-de-romania","status":"publish","type":"post","link":"https:\/\/247stiri.ro\/index.php\/2025\/03\/26\/ciolacu-explica-suspendarea-ridicarii-vizelor-pentru-sua-anuntul-nu-e-legat-de-romania\/","title":{"rendered":"Ciolacu explic\u0103 suspendarea ridic\u0103rii vizelor pentru SUA: Anun\u0163ul nu e legat de Rom\u00e2nia"},"content":{"rendered":"<p>\u201dSingurul program de Visa Waiver care nu fusese implementat era cel al Rom\u00e2niei Normal c\u0103 a venit un delay pentru implementarea programului, dar ve\u0163i vedea c\u0103 vor fi ni\u015fte m\u0103suri care vor viza toate statele care beneficiaz\u0103 de programul vizei\u201d, a ar\u0103tat Ciolacu, ad\u0103ug\u00e2nd c\u0103 a\u015fteapt\u0103 toate l\u0103muririle.<\/p>\n<p>\u201dDin punctul meu de vedere, normal c\u0103 respect Uniunea European\u0103, Comisia European\u0103, normal c\u0103 locul Rom\u00e2niei este \u00een Uniunea European\u0103, dar Rom\u00e2nia are acum o prioritate de Securitate, iar securitatea Rom\u00e2niei se bazeaz\u0103 \u00een primul \u015fi \u00een primul r\u00e2nd pe apartenen\u0163a la NATO \u015fi pe parteneriatul strategic cu Statele Unite. Avem, \u00een continuare, un r\u0103zboi la grani\u0163\u0103, Rom\u00e2nia av\u00e2nd grani\u0163a cea mai lung\u0103 din Europa cu Ucraina, respectiv 650 de kilometri. Este normal c\u0103 ne dorim o nou\u0103 abordare, \u00een acest context. Nu trebuie s\u0103 alegem \u00eentre Uniunea European\u0103 \u015fi parteneriatul strategic cu Statele Unite\u201d, a mai spus Ciolacu.<\/p>","protected":false},"excerpt":{"rendered":"<p>\u201dSingurul program de Visa Waiver care nu fusese implementat era cel al Rom\u00e2niei Normal c\u0103&hellip;<\/p>\n","protected":false},"author":0,"featured_media":42735,"comment_status":"open","ping_status":"open","sticky":false,"template":"","format":"standard","meta":{"footnotes":""},"categories":[3],"tags":[],"class_list":["post-42734","post","type-post","status-publish","format-standard","has-post-thumbnail","hentry","category-politica"],"_links":{"self":[{"href":"https:\/\/247stiri.ro\/index.php\/wp-json\/wp\/v2\/posts\/42734","targetHints":{"allow":["GET"]}}],"collection":[{"href":"https:\/\/247stiri.ro\/index.php\/wp-json\/wp\/v2\/posts"}],"about":[{"href":"https:\/\/247stiri.ro\/index.php\/wp-json\/wp\/v2\/types\/post"}],"replies":[{"embeddable":true,"href":"https:\/\/247stiri.ro\/index.php\/wp-json\/wp\/v2\/comments?post=42734"}],"version-history":[{"count":0,"href":"https:\/\/247stiri.ro\/index.php\/wp-json\/wp\/v2\/posts\/42734\/revisions"}],"wp:featuredmedia":[{"embeddable":true,"href":"https:\/\/247stiri.ro\/index.php\/wp-json\/wp\/v2\/media\/42735"}],"wp:attachment":[{"href":"https:\/\/247stiri.ro\/index.php\/wp-json\/wp\/v2\/media?parent=42734"}],"wp:term":[{"taxonomy":"category","embeddable":true,"href":"https:\/\/247stiri.ro\/index.php\/wp-json\/wp\/v2\/categories?post=42734"},{"taxonomy":"post_tag","embeddable":true,"href":"https:\/\/247stiri.ro\/index.php\/wp-json\/wp\/v2\/tags?post=42734"}],"curies":[{"name":"wp","href":"https:\/\/api.w.org\/{rel}","templated":true}]}}