{"id":42744,"date":"2025-03-26T12:45:07","date_gmt":"2025-03-26T12:45:07","guid":{"rendered":"https:\/\/247stiri.ro\/index.php\/2025\/03\/26\/ue-se-pregateste-de-ce-e-mai-rau-europenii-au-nevoie-de-provizii-pentru-72-de-ore\/"},"modified":"2025-03-26T12:45:07","modified_gmt":"2025-03-26T12:45:07","slug":"ue-se-pregateste-de-ce-e-mai-rau-europenii-au-nevoie-de-provizii-pentru-72-de-ore","status":"publish","type":"post","link":"https:\/\/247stiri.ro\/index.php\/2025\/03\/26\/ue-se-pregateste-de-ce-e-mai-rau-europenii-au-nevoie-de-provizii-pentru-72-de-ore\/","title":{"rendered":"UE se preg\u0103te\u0219te de ce e mai r\u0103u. Europenii au nevoie de provizii pentru 72 de ore"},"content":{"rendered":"<p>UE \u00eei \u00eendeamn\u0103 pe TO\u021aI cet\u0103\u021benii s\u0103 se preg\u0103teasc\u0103 cu \u201etruse de supravie\u021buire, inclusiv hran\u0103 \u0219i ap\u0103 pentru a supravie\u021bui 72 de ore\u201d, pe fondul temerilor legate de cel de-al treilea r\u0103zboi mondial, scrie<a href=\"https:\/\/www.dailymail.co.uk\/news\/article-14538621\/EU-ww3-ukraine-russia-europe-war-survival-kit-global-conflict.html?ito=push-notification&amp;ci=8PpLkCbm_q&amp;cri=iWhvqXZywF&amp;si=5YdWMaJYTyzP&amp;xi=29e59ab9-2955-49c4-9b1b-8dbf08dbb43e&amp;ai=14538621\">\u00a0presa britanic\u0103.<\/a><\/p>\n<p>Uniunea European\u0103 face eforturi ca fiecare gospod\u0103rie din blocul celor 27 de na\u021biuni s\u0103 aib\u0103 un kit de supravie\u021buire de trei zile preg\u0103tit \u00een caz de r\u0103zboi sau dezastre naturale.<\/p>\n<p>Comisarul UE pentru gestionarea crizelor, Hadja Lahbib, a declarat c\u0103 propunerile vor fi prezentate oficial ast\u0103zi, ca parte a unei \u201estrategii de preg\u0103tire\u201d mai ample.<\/p>\n<p>Cet\u0103\u021benilor UE li se va spune s\u0103 se aprovizioneze cu o duzin\u0103 de articole cheie, inclusiv chibrituri, documente de identitate \u00eentr-un suport rezistent la ap\u0103, ap\u0103 \u00eembuteliat\u0103, batoane energetice \u0219i o lantern\u0103, ca parte a setului lor..<\/p>\n<p>Liderii europeni au spus c\u0103 invazia Ucrainei ar putea izbucni \u00een cur\u00e2nd \u00eentr-un r\u0103zboi \u201eglobal\u201d.<\/p>\n<p>Unele \u021b\u0103ri scandinave \u0219i-au intensificat deja preg\u0103tirea prin distribuirea de ghiduri de supravie\u021buire \u00een r\u0103zboi.<\/p>\n<p>UE s-a al\u0103turat acum acestor eforturi \u00een urma unui raport de referin\u021b\u0103 al fostului pre\u0219edinte al Finlandei, Sauli Niinisto, anul trecut, privind consolidarea preg\u0103tirii civile \u0219i militare a Europei.<\/p>\n<p>Lahbib a declarat pentru AFP: \u201eS\u0103 \u0219tii ce s\u0103 faci \u00een caz de pericol, s\u0103 joci diferite scenarii, este \u0219i o modalitate de a preveni panicarea oamenilor.<\/p>\n<p>Toate acestea vin \u00een plus fa\u021b\u0103 de strategiile na\u021bionale.<\/p>\n<p>Acest lucru va asigura ca panica s\u0103 nu se instaleze dac\u0103 izbucne\u0219te un dezastru\u201c, a ad\u0103ugat ea.<\/p>\n<p>\u00centr-o scrisoare adresat\u0103 \u0219efului UE, Ursula von der Leyen, trei parlamentari din grupul centrist Renew din Parlamentul European au \u00eendemnat comisia s\u0103 mearg\u0103 mai departe, trimi\u021b\u00e2nd fiec\u0103rei gospod\u0103rii din bloc un manual despre preg\u0103tirea pentru \u201ediverse crize, de la conflicte poten\u021biale la dezastre climatice, pandemii \u0219i amenin\u021b\u0103ri cibernetice\u201d.<\/p>\n<p>Liderii UE cred c\u0103 Vladimir Putin ar putea m\u0103r\u0219\u0103lui mai departe \u00een Europa dac\u0103 invazia Rusiei \u00een Ucraina va avea succes.<\/p>\n<p>\u201eRu\u0219ii au globalizat r\u0103zboiul din Ucraina\u201d, a declarat pre\u0219edintele francez Emmanuel Macron luna trecut\u0103.<\/p>\n<p>\u201eExist\u0103 un conflict \u00een Ucraina, \u00een care ru\u0219ii, de fapt, au f\u0103cut lucrurile globale.<\/p>\n<p>\u201eSe va limita [r\u0103zboiul] la acest teatru? S\u0103 sper\u0103m c\u0103 da.<\/p>\n<p>Fran\u021ba se preg\u0103te\u0219te s\u0103 emit\u0103 un manual de supravie\u021buire pentru toate gospod\u0103riile, care s\u0103 sf\u0103tuiasc\u0103 cum s\u0103 apere republica \u00een cazul unei invazii.<\/p>","protected":false},"excerpt":{"rendered":"<p>UE \u00eei \u00eendeamn\u0103 pe TO\u021aI cet\u0103\u021benii s\u0103 se preg\u0103teasc\u0103 cu \u201etruse de supravie\u021buire, inclusiv hran\u0103&hellip;<\/p>\n","protected":false},"author":0,"featured_media":42733,"comment_status":"open","ping_status":"open","sticky":false,"template":"","format":"standard","meta":{"footnotes":""},"categories":[2],"tags":[],"class_list":["post-42744","post","type-post","status-publish","format-standard","has-post-thumbnail","hentry","category-actual"],"_links":{"self":[{"href":"https:\/\/247stiri.ro\/index.php\/wp-json\/wp\/v2\/posts\/42744","targetHints":{"allow":["GET"]}}],"collection":[{"href":"https:\/\/247stiri.ro\/index.php\/wp-json\/wp\/v2\/posts"}],"about":[{"href":"https:\/\/247stiri.ro\/index.php\/wp-json\/wp\/v2\/types\/post"}],"replies":[{"embeddable":true,"href":"https:\/\/247stiri.ro\/index.php\/wp-json\/wp\/v2\/comments?post=42744"}],"version-history":[{"count":0,"href":"https:\/\/247stiri.ro\/index.php\/wp-json\/wp\/v2\/posts\/42744\/revisions"}],"wp:featuredmedia":[{"embeddable":true,"href":"https:\/\/247stiri.ro\/index.php\/wp-json\/wp\/v2\/media\/42733"}],"wp:attachment":[{"href":"https:\/\/247stiri.ro\/index.php\/wp-json\/wp\/v2\/media?parent=42744"}],"wp:term":[{"taxonomy":"category","embeddable":true,"href":"https:\/\/247stiri.ro\/index.php\/wp-json\/wp\/v2\/categories?post=42744"},{"taxonomy":"post_tag","embeddable":true,"href":"https:\/\/247stiri.ro\/index.php\/wp-json\/wp\/v2\/tags?post=42744"}],"curies":[{"name":"wp","href":"https:\/\/api.w.org\/{rel}","templated":true}]}}