{"id":42745,"date":"2025-03-26T12:45:07","date_gmt":"2025-03-26T12:45:07","guid":{"rendered":"https:\/\/247stiri.ro\/index.php\/2025\/03\/26\/doua-eleve-de-liceu-batute-cu-pumnii-si-picioarele-de-colegele-lor-o-adolescenta-a-ajuns-la-spital\/"},"modified":"2025-03-26T12:45:07","modified_gmt":"2025-03-26T12:45:07","slug":"doua-eleve-de-liceu-batute-cu-pumnii-si-picioarele-de-colegele-lor-o-adolescenta-a-ajuns-la-spital","status":"publish","type":"post","link":"https:\/\/247stiri.ro\/index.php\/2025\/03\/26\/doua-eleve-de-liceu-batute-cu-pumnii-si-picioarele-de-colegele-lor-o-adolescenta-a-ajuns-la-spital\/","title":{"rendered":"Dou\u0103 eleve de liceu, b\u0103tute cu pumnii \u0219i picioarele de colegele lor. O adolescent\u0103 a ajuns la spital"},"content":{"rendered":"<p>Incidentul s-ar fi petrecut mar\u021bi, \u00een afara unui liceu din ora\u015ful Bumbe\u015fti Jiu, iar \u00eentre cele patru adolescente ar exista un <a href=\"https:\/\/www.realitatea.net\/stiri\/justitie\/un-barbat-a-rupt-in-bataie-doua-angajate-ale-unui-supermarket-si-a-sarit-cu-cutitul-la-alta-de-ce-sia-iesit-din-minti-agresorul_67e2e358b8c06e66e72162f0\" target=\"_blank\">conflict <\/a>mai vechi.\u00a0<\/p>\n<p>Purt\u0103torul de cuv\u00e2nt al Inspectoratului de Poli\u0163ie Jude\u0163ean (IPJ) Gorj, Miruna Prejbeanu, a declarat, miercuri, c\u0103 pe data de 25 martie, poli\u0163i\u015ftii din cadrul Poli\u0163iei Ora\u015fului Bumbe\u015fti Jiu au fost sesiza\u0163i prin 112 de o t\u00e2n\u0103r\u0103 de 18 ani care a semnalat un conflict \u00eentre mai multe fete. Potrivit ei, \u00een acest caz poli\u021bi\u0219tii efectueaz\u0103 cercet\u0103ri pentru lovire sau alte violen\u0163e.<\/p>\n<p>&#8222;La fa\u0163a locului s-au deplasat poli\u0163i\u015ftii, care au constatat faptul c\u0103 o t\u00e2n\u0103r\u0103 de 17 ani, din comuna Crasna, \u015fi alta de 16 ani, din ora\u015ful Bumbe\u015fti Jiu, dup\u0103 finalizarea orelor de curs, \u00een timp se aflau \u00een afara unit\u0103\u0163ii de \u00eenv\u0103\u0163\u0103m\u00e2nt, \u00eentr-o \u00eenc\u0103pere apar\u0163in\u00e2nd unui magazin alimentar din localitate, pe fondul unor discu\u0163ii mai vechi, au fost agresate fizic cu pumnii \u015fi picioarele \u00een zona abdomenului \u015fi a fe\u0163ei de alte dou\u0103 tinere, ambele de 16 ani, una din municipiul Vulcan, jude\u0163ul Hunedoara, \u015fi cealalt\u0103 din ora\u015ful Bumbe\u015fti Jiu.<\/p>\n<p>De asemenea, s-a stabilit mai faptul c\u0103 una dintre cele dou\u0103 presupuse agresoare ar fi lovit-o pe una dintre victime \u00een zona arcadei cu un recipient odorizant, provoc\u00e2ndu-i o echimoz\u0103 minor\u0103&#8221;, a men\u0163ionat Miruna Prejbeanu.<\/p>\n<p>Mai mult, aceasta a precizat faptul c\u0103 adolescenta de 16 ani, care suns\u021bine c\u0103 a fost victima agresiunii, a solicitat efectuarea de investiga\u0163ii medicale \u015fi a fost transportat\u0103 la spital de un echipaj al ambulan\u0163ei.<\/p>\n<p>De asemenea, oamenii legii le-au adus la cuno\u0219tin\u021b\u0103 celor dou\u0103 fete faptul c\u0103 pot solicita un ordin de protec\u0163ie provizoriu, \u00eens\u0103 au refuzat.\u00a0<\/p>","protected":false},"excerpt":{"rendered":"<p>Incidentul s-ar fi petrecut mar\u021bi, \u00een afara unui liceu din ora\u015ful Bumbe\u015fti Jiu, iar \u00eentre&hellip;<\/p>\n","protected":false},"author":0,"featured_media":0,"comment_status":"open","ping_status":"open","sticky":false,"template":"","format":"standard","meta":{"footnotes":""},"categories":[2],"tags":[],"class_list":["post-42745","post","type-post","status-publish","format-standard","hentry","category-actual"],"_links":{"self":[{"href":"https:\/\/247stiri.ro\/index.php\/wp-json\/wp\/v2\/posts\/42745","targetHints":{"allow":["GET"]}}],"collection":[{"href":"https:\/\/247stiri.ro\/index.php\/wp-json\/wp\/v2\/posts"}],"about":[{"href":"https:\/\/247stiri.ro\/index.php\/wp-json\/wp\/v2\/types\/post"}],"replies":[{"embeddable":true,"href":"https:\/\/247stiri.ro\/index.php\/wp-json\/wp\/v2\/comments?post=42745"}],"version-history":[{"count":0,"href":"https:\/\/247stiri.ro\/index.php\/wp-json\/wp\/v2\/posts\/42745\/revisions"}],"wp:attachment":[{"href":"https:\/\/247stiri.ro\/index.php\/wp-json\/wp\/v2\/media?parent=42745"}],"wp:term":[{"taxonomy":"category","embeddable":true,"href":"https:\/\/247stiri.ro\/index.php\/wp-json\/wp\/v2\/categories?post=42745"},{"taxonomy":"post_tag","embeddable":true,"href":"https:\/\/247stiri.ro\/index.php\/wp-json\/wp\/v2\/tags?post=42745"}],"curies":[{"name":"wp","href":"https:\/\/api.w.org\/{rel}","templated":true}]}}