{"id":42751,"date":"2025-03-26T13:45:04","date_gmt":"2025-03-26T13:45:04","guid":{"rendered":"https:\/\/247stiri.ro\/index.php\/2025\/03\/26\/ion-iliescu-ramane-fara-certificatul-de-revolutionar\/"},"modified":"2025-03-26T13:45:04","modified_gmt":"2025-03-26T13:45:04","slug":"ion-iliescu-ramane-fara-certificatul-de-revolutionar","status":"publish","type":"post","link":"https:\/\/247stiri.ro\/index.php\/2025\/03\/26\/ion-iliescu-ramane-fara-certificatul-de-revolutionar\/","title":{"rendered":"Ion Iliescu r\u0103m\u00e2ne f\u0103r\u0103 certificatul de revolu\u021bionar"},"content":{"rendered":"<p>&#8222;Admite cererea de chemare \u00een judecat\u0103 formulat\u0103 de c\u0103tre reclamant \u00een contradictoriu cu p\u00e2r\u00e2tul Iliescu Ion. Anuleaz\u0103 certificatul preschimbat de lupt\u0103tor remarcat prin fapte deosebite LRM-I seria 00011 emis pe numele p\u00e2r\u00e2tului. Cu drept de recurs \u00een termen de 15 zile de la comunicare, care se va depune la Tribunalul Bucure\u0219ti &#8211; Sec\u021bia a II-a de Contencios Administrativ \u0219i Fiscal&#8221;, se arat\u0103 \u00een decizia tribunalului.<\/p>\n<p>Secretariatul de Stat pentru Recunoa\u0219terea Meritelor Lupt\u0103torilor \u00cempotriva Regimului Comunist instaurat \u00een Rom\u00e2nia \u00een perioada 1945 &#8211; 1989, institu\u021bie aflat\u0103 \u00een subordinea Guvernului, a cerut \u00een instan\u021b\u0103 anularea \u0219i retragerea titlului de lupt\u0103tor pentru victoria Revolu\u021biei din 1989 pentru fostul pre\u0219edinte Ion Iliescu.<\/p>\n<p>Potrivit unui document emis de reclamant, o comisie din cadrul Secretariatului a constatat, at\u00e2t din CV-ul aflat pe internet, c\u00e2t \u0219i din materialele din pres\u0103, c\u0103 Ion Iliescu a intrat \u00een Uniunea Tineretului Comunist \u00een anul 1944 \u0219i \u00een Partidul Comunist Rom\u00e2n \u00een anul 1953, unde a avansat \u00een carier\u0103, devenind secretar al Comitetului Central al Uniunii Tineretului Comunist din 1956 \u0219i membru al CC al PCR.<\/p>\n<p>&#8222;Av\u00e2nd \u00een vedere faptul c\u0103 \u00een 1971, a de\u021binut func\u021bia de secretar al Comitetului Central al PCR, coroborat cu func\u021bia de conducere de\u021binut\u0103 la UTC al PCR, comisia constat\u0103 c\u0103 sunt \u00eendeplinite condi\u021biile cerute de art. 8 alin. 2 din Legea nr. 341\/2004 modificat\u0103 prin Legea 242. (&#8230;) De prevederile legii nu beneficiaz\u0103 persoanele care sunt dovedite c\u0103 \u00een perioada 1945 &#8211; 1989 au de\u021binut cel pu\u021bin o demnitate sau o func\u021bie de conducere \u00een cadrul organelor de conducere la nivel local, regional sau na\u021bional ale PCR, motiv pentru care \u00een unanimitate decide demararea procedurii administrative de anulare a Certificatului LRM&#8221;, se arat\u0103 \u00een documentul citat.<\/p>\n<p>Persoanele care au certificat de revolu\u021bionar beneficiaz\u0103 de mai multe facilit\u0103\u021bi, printre care: prioritate la cump\u0103rarea sau \u00eenchirierea de locuin\u021be din fondul de stat; facilit\u0103\u021bi la credite imobiliare; medicamente gratuite; acces gratuit la sanatorii \u0219i baze de tratament; transport urban gratuit cu mijloacele de transport \u00een comun; scutirea de plata taxelor \u0219i impozitelor pentru cl\u0103diri \u0219i terenul aferent; posibilitatea cumul\u0103rii pensiei cu orice alte venituri.<\/p>\n<p>Demersurile pentru anularea certificatului de revolu\u021bionar au \u00eenceput \u00een iunie 2022, \u00een urma unei cereri depuse la Secretariat de Asocia\u021bia 21 Decembrie, care sus\u021binea c\u0103 Ion Iliescu nu \u00eendepline\u0219te condi\u021biile de ob\u021binere a titlului de lupt\u0103tor pentru victoria Revolu\u021biei.<\/p>\n<p>Ion Iliescu a condus statul rom\u00e2n \u00een trei r\u00e2nduri, ca pre\u0219edinte al FSN \u00eentre 22 decembrie 1989 &#8211; 1992, apoi ca pre\u0219edinte ales al Rom\u00e2niei \u00eentre anii 1992 &#8211; 1996 \u0219i 2000 &#8211; 2004.<\/p>\n<p>Fostul pre\u0219edinte a fost trimis \u00een judecat\u0103 de dou\u0103 ori \u00een dosarul &#8222;Revolu\u021biei&#8221; \u0219i tot de at\u00e2tea ori dosarul a fost \u00eentors de instan\u021be la Parchetul Militar pentru refacerea anchetei.<\/p>\n<p>Iliescu era acuzat de procurorii militari c\u0103, pentru a legitima venirea sa la putere dup\u0103 fuga lui Ceau\u0219escu, a ini\u021biat o opera\u021biune sistematic\u0103 de inducere \u00een eroare a opiniei publice, opera\u021biune exercitat\u0103 de cadrele militare cu func\u021bii de conducere ale MApN, consecin\u021ba fiind un num\u0103r foarte mare de decese, r\u0103niri de persoane, suferin\u021be psihice, lipsiri grave de libertate.\u00a0<\/p>","protected":false},"excerpt":{"rendered":"<p>&#8222;Admite cererea de chemare \u00een judecat\u0103 formulat\u0103 de c\u0103tre reclamant \u00een contradictoriu cu p\u00e2r\u00e2tul Iliescu&hellip;<\/p>\n","protected":false},"author":0,"featured_media":42752,"comment_status":"open","ping_status":"open","sticky":false,"template":"","format":"standard","meta":{"footnotes":""},"categories":[3],"tags":[],"class_list":["post-42751","post","type-post","status-publish","format-standard","has-post-thumbnail","hentry","category-politica"],"_links":{"self":[{"href":"https:\/\/247stiri.ro\/index.php\/wp-json\/wp\/v2\/posts\/42751","targetHints":{"allow":["GET"]}}],"collection":[{"href":"https:\/\/247stiri.ro\/index.php\/wp-json\/wp\/v2\/posts"}],"about":[{"href":"https:\/\/247stiri.ro\/index.php\/wp-json\/wp\/v2\/types\/post"}],"replies":[{"embeddable":true,"href":"https:\/\/247stiri.ro\/index.php\/wp-json\/wp\/v2\/comments?post=42751"}],"version-history":[{"count":0,"href":"https:\/\/247stiri.ro\/index.php\/wp-json\/wp\/v2\/posts\/42751\/revisions"}],"wp:featuredmedia":[{"embeddable":true,"href":"https:\/\/247stiri.ro\/index.php\/wp-json\/wp\/v2\/media\/42752"}],"wp:attachment":[{"href":"https:\/\/247stiri.ro\/index.php\/wp-json\/wp\/v2\/media?parent=42751"}],"wp:term":[{"taxonomy":"category","embeddable":true,"href":"https:\/\/247stiri.ro\/index.php\/wp-json\/wp\/v2\/categories?post=42751"},{"taxonomy":"post_tag","embeddable":true,"href":"https:\/\/247stiri.ro\/index.php\/wp-json\/wp\/v2\/tags?post=42751"}],"curies":[{"name":"wp","href":"https:\/\/api.w.org\/{rel}","templated":true}]}}