{"id":42757,"date":"2025-03-26T13:45:06","date_gmt":"2025-03-26T13:45:06","guid":{"rendered":"https:\/\/247stiri.ro\/index.php\/2025\/03\/26\/tribunal-tulcea-a-luat-o-decizie-in-privinta-acordului-de-recunoastere-a-vinovatiei-a-lui-ilie-stefan-primarul-din-tulcea-cu-procurorii-dna-minuta\/"},"modified":"2025-03-26T13:45:06","modified_gmt":"2025-03-26T13:45:06","slug":"tribunal-tulcea-a-luat-o-decizie-in-privinta-acordului-de-recunoastere-a-vinovatiei-a-lui-ilie-stefan-primarul-din-tulcea-cu-procurorii-dna-minuta","status":"publish","type":"post","link":"https:\/\/247stiri.ro\/index.php\/2025\/03\/26\/tribunal-tulcea-a-luat-o-decizie-in-privinta-acordului-de-recunoastere-a-vinovatiei-a-lui-ilie-stefan-primarul-din-tulcea-cu-procurorii-dna-minuta\/","title":{"rendered":"Tribunal Tulcea a luat o decizie \u00een privin\u021ba acordului de recunoa\u0219tere a vinov\u0103\u021biei a lui Ilie \u0218tefan, primarul din Tulcea, cu procurorii DNA.MINUTA"},"content":{"rendered":"<p>Drept urmare, instan\u021ba a stabilit o pedeaps\u0103 de 1 an de \u00eenchisoare, cu dispunerea am\u00e2n\u0103rii pedepsei pe un termen de supraveghere de 2 ani.<\/p>\n<p>Decizia nu este definitiv\u0103!<\/p>\n<p>MINUTA:<\/p>\n<p>\u00cen baza art.478 si urm.cod procedura penal\u0103, stabile\u0219te pentru inculpatul Ilie \u0218tefan o pedeaps\u0103 de 1 an \u00eenchisoare, pentru s\u0103v\u00e2r\u0219irea infrac\u021biunii continuate de folosirea influen\u021bei de c\u0103tre persoana care \u00eendepline\u0219te o func\u021bie de conducere \u00eentr-un partid politic, \u00een scopul ob\u021binerii pentru altul de foloase necuvenite, prevazut\u0103 de art.13 din legea nr.78\/2000, cu aplicarea art.35 cod penal (4 acte materiale, din perioada iunie-iulie 2023).\u00cen temeiul art.83 cod penal, dispune am\u00e2narea aplic\u0103rii pedepsei \u00eenchisorii, pe un termen de supraveghere de 2 ani, calculat \u00een conditiile art.84 alin. 1 din codul penal.Pe durata termenului de supraveghere, inculpatul va respecta urmatoarele masuri de supraveghere prevazute de art.85 alin. 1 din codul penal:a) sa se prezinte la serviciul de probatiune, la datele fixate de acesta;b) sa primeasca vizitele consilierului de probatiune desemnat cu supravegherea sa;c) sa anunte, in prealabil, schimbarea locuintei si orice deplasare care depaseste 5 zile;d) sa comunice schimbarea locului de munca;e) sa comunice informatii si documente de natura a permite controlul mijloacelor sale de existenta.Desemneaz\u0103 serviciul de probatiune de pe langa Tribunalul Tulcea ca organ de supraveghere a inculpatului Ilie \u0218tefan.\u00cen baza art.86 alin.1 cod penal, pe durata termenului de supraveghere datele prevazute la art. 85 alin.1 lit. c-e cod penal se vor comunica serviciului de probatiune de pe langa Tribunalul Tulcea.\u00cen baza art.83 alin.4 cod penal, raportat la art. 404 alin. 3 cod de procedura penala, se atrage atentia inculpatului asupra consecintelor nerespectarii masurilor de supraveghere si obligatiilor prevazute la art. 85 alin. 1 si 2 din codul penal precum si asupra dispozitiilor art. 88 din codul penal referitoare la revocarea amanarii in cazul savarsirii de noi infractiuni.\u00cen temeiul art.274 alin.1 cod procedura penala, inculpatul ilie stefan va fi obligat la plata sumei de 500 lei cu titlu de cheltuieli judiciare avansate de stat.Cu drept de apel in 10 zile de la comunicare.Pronun\u021bat\u0103 prin punerea solutiei la dispozitia partilor si procurorului prin intermediul grefei, azi, 26.03.2025.Dosarul are leg\u0103tur\u0103 cu condamnarea fostului \u0219ef al G\u0103rzii de Mediu Tulcea, Dorin Meran.\u0218i Meran a semnat un acord de recunoa\u0219tere cu DNA \u0219i a primit o pedeaps\u0103 cu suspendare dup\u0103 ce a fost prins lu\u00e2nd mit\u0103.Facem precizarea c\u0103 pe parcursul \u00eentregului proces penal, persoanele cercetate beneficiaz\u0103 de drepturile \u0219i garan\u021biile procesuale prev\u0103zute de Codul de procedur\u0103 penal\u0103, precum \u0219i de prezum\u021bia de nevinov\u0103\u021bie.<\/p>\n<p>PRECIZ\u0102RI:<\/p>\n<p>Legea 190 din 2018, la articolul 7, men\u0163ioneaz\u0103 c\u0103 activitatea jurnalistic\u0103 este exonerat\u0103 de la unele prevederi ale Regulamentului GDPR, dac\u0103 se p\u0103streaz\u0103 un echilibru \u00eentre libertatea de exprimare \u015fi protec\u0163ia datelor cu caracter personal.Informa\u021biile din prezentul articol sunt de interes public \u0219i sunt ob\u021binute din surse publice deschise.<\/p>\n<p>\u00a0<\/p>","protected":false},"excerpt":{"rendered":"<p>Drept urmare, instan\u021ba a stabilit o pedeaps\u0103 de 1 an de \u00eenchisoare, cu dispunerea am\u00e2n\u0103rii&hellip;<\/p>\n","protected":false},"author":0,"featured_media":42758,"comment_status":"open","ping_status":"open","sticky":false,"template":"","format":"standard","meta":{"footnotes":""},"categories":[2],"tags":[],"class_list":["post-42757","post","type-post","status-publish","format-standard","has-post-thumbnail","hentry","category-actual"],"_links":{"self":[{"href":"https:\/\/247stiri.ro\/index.php\/wp-json\/wp\/v2\/posts\/42757","targetHints":{"allow":["GET"]}}],"collection":[{"href":"https:\/\/247stiri.ro\/index.php\/wp-json\/wp\/v2\/posts"}],"about":[{"href":"https:\/\/247stiri.ro\/index.php\/wp-json\/wp\/v2\/types\/post"}],"replies":[{"embeddable":true,"href":"https:\/\/247stiri.ro\/index.php\/wp-json\/wp\/v2\/comments?post=42757"}],"version-history":[{"count":0,"href":"https:\/\/247stiri.ro\/index.php\/wp-json\/wp\/v2\/posts\/42757\/revisions"}],"wp:featuredmedia":[{"embeddable":true,"href":"https:\/\/247stiri.ro\/index.php\/wp-json\/wp\/v2\/media\/42758"}],"wp:attachment":[{"href":"https:\/\/247stiri.ro\/index.php\/wp-json\/wp\/v2\/media?parent=42757"}],"wp:term":[{"taxonomy":"category","embeddable":true,"href":"https:\/\/247stiri.ro\/index.php\/wp-json\/wp\/v2\/categories?post=42757"},{"taxonomy":"post_tag","embeddable":true,"href":"https:\/\/247stiri.ro\/index.php\/wp-json\/wp\/v2\/tags?post=42757"}],"curies":[{"name":"wp","href":"https:\/\/api.w.org\/{rel}","templated":true}]}}