{"id":42760,"date":"2025-03-26T13:45:08","date_gmt":"2025-03-26T13:45:08","guid":{"rendered":"https:\/\/247stiri.ro\/index.php\/2025\/03\/26\/gica-hagi-va-deveni-socru-mic-in-aceasta-toamna-fiica-sa-kira-se-va-casatori-unde-va-avea-loc-nunta-la-care-vor-participa-1000-de-invitati\/"},"modified":"2025-03-26T13:45:08","modified_gmt":"2025-03-26T13:45:08","slug":"gica-hagi-va-deveni-socru-mic-in-aceasta-toamna-fiica-sa-kira-se-va-casatori-unde-va-avea-loc-nunta-la-care-vor-participa-1000-de-invitati","status":"publish","type":"post","link":"https:\/\/247stiri.ro\/index.php\/2025\/03\/26\/gica-hagi-va-deveni-socru-mic-in-aceasta-toamna-fiica-sa-kira-se-va-casatori-unde-va-avea-loc-nunta-la-care-vor-participa-1000-de-invitati\/","title":{"rendered":"Gic\u0103 Hagi va deveni socru mic, \u00een aceast\u0103 toamn\u0103. Fiica sa, Kira, se va c\u0103s\u0103tori. Unde va avea loc nunta la care vor participa 1000 de invita\u021bi?"},"content":{"rendered":"<p>Gheorghe\u00a0Hagi se preg\u0103te\u015fte s\u0103 devin\u0103 socru mic, la Constan\u0163a! Unica sa fiic\u0103, Kira Hagi, se va m\u0103rita cu Thomas Ferfelis \u00een septembrie, iar evenimentul va fi la fel de grandios pentru familia legendarului fotbalist ca nunta lui Ianis, din vara trecut\u0103, scrie Click.ro.<\/p>\n<p>Anul trecut, pe 14 iulie, Gic\u0103 Hagi avea cele mai mari emo\u0163ii. Unicul s\u0103u fiu, Ianis, se c\u0103s\u0103torea cu frumoasa Elena T\u0103nase, iar evenimentul a fost unul grandios \u015fi emo\u0163ionant. Iat\u0103 c\u0103 anul acesta a venit r\u00e2ndul fiicei lui Gic\u0103 \u015fi a Marilenei Hagi, iar Kira, care va \u00eemplini 29 de ani peste c\u00e2teva zile, pe 31 martie, se va c\u0103s\u0103tori \u015fi ea.<\/p>\n<p>Familia lui Thomas are restaurante \u00een Rom\u00e2nia<\/p>\n<p class=\"svelte-uzyam9\">Frumoasa machedoanc\u0103 are cele mai mari emo\u0163ii! Peste mai pu\u0163in de \u015fase luni aceasta va fi mireas\u0103, urm\u00e2nd s\u0103-\u015fi uneasc\u0103 destinul cu Thomas, cel cu care are o rela\u0163ie din timpul studiilor.<\/p>\n<p class=\"svelte-uzyam9\">Se cunosc din liceu, \u00eenc\u0103 de c\u00e2nd erau colegi la International British School of Bucharest, \u00eens\u0103 din 2015 s-au separat pentru c\u0103 au ales s\u0103-\u015fi continue studiile \u00een \u0163\u0103ri diferite.<\/p>\n<p class=\"svelte-uzyam9\">Thomas a absolvit University of Southampton din Marea Britanie \u00een 2019 \u015fi ocup\u0103 func\u0163ia de manager la Cernica Events, un local de lux situat pe malul lacului Cernica.<\/p>\n<p class=\"svelte-uzyam9\">Familia sa de\u0163ine holdingul Elgeka Ferfelis, din care face parte \u015fi acest restaurant, \u00adstabilindu-se \u00een Rom\u00e2nia cu mul\u0163i ani \u00een urm\u0103.<\/p>\n<p class=\"svelte-uzyam9\">Kira Hagi a studiat la New York Film Academy \u00eens\u0103 a dorit s\u0103 revin\u0103 \u00een \u0163ar\u0103, de\u015fi a avut oportunitatea de a-\u015fi continua cariera \u00een Statele Unite.<\/p>\n<p class=\"svelte-uzyam9\">Este foarte talentat\u0103 \u015fi a fost implicat\u0103 \u00een mai multe proiecte cinematografice \u015fi de teatru. Dup\u0103 terminarea studiilor, via\u0163a i-a adus din nou \u00eempreun\u0103, iar anul trecut grecul a cerut-o \u00een c\u0103s\u0103torie.<\/p>\n<p class=\"svelte-uzyam9\">\u00cen septembrie anul acesta cei doi vor avea nunta, iar preg\u0103tirile sunt la foc automat. Alegerea rochiei de mireas\u0103, cele mai frumoase decoruri florale, cei mai buni muzican\u0163i \u015fi, evident, un meniu cu preparate speciale, care s\u0103 fie pe placul celor aproape 1000 de invita\u0163i.<\/p>\n<p><a href=\"https:\/\/www.realitatea.net\/stiri\/actual\/gheorghe-hagi-va-fi-decorat-de-presedintele-interimar-ilie-bolojan-cu-ordinul-national-steaua-romaniei-in-grad-de-cavaler-cea-mai-inalta-distinctie-a-statului-roman_67cff3a9e883bd5cb4723c6c\" target=\"_blank\">Gheorghe Hagi va fi decorat de pre\u015fedintele interimar Ilie Bolojan cu Ordinul Na\u0163ional \u201eSteaua Rom\u00e2niei\u201d \u00een grad de Cavaler, cea mai \u00eenalt\u0103 distinc\u0163ie a statului rom\u00e2n<\/a><\/p>\n<p class=\"svelte-uzyam9\">Continuarea pe <a href=\"https:\/\/click.ro\/\" target=\"_blank\">Click.ro<\/a><\/p>","protected":false},"excerpt":{"rendered":"<p>Gheorghe\u00a0Hagi se preg\u0103te\u015fte s\u0103 devin\u0103 socru mic, la Constan\u0163a! Unica sa fiic\u0103, Kira Hagi, se&hellip;<\/p>\n","protected":false},"author":0,"featured_media":42748,"comment_status":"open","ping_status":"open","sticky":false,"template":"","format":"standard","meta":{"footnotes":""},"categories":[2],"tags":[],"class_list":["post-42760","post","type-post","status-publish","format-standard","has-post-thumbnail","hentry","category-actual"],"_links":{"self":[{"href":"https:\/\/247stiri.ro\/index.php\/wp-json\/wp\/v2\/posts\/42760","targetHints":{"allow":["GET"]}}],"collection":[{"href":"https:\/\/247stiri.ro\/index.php\/wp-json\/wp\/v2\/posts"}],"about":[{"href":"https:\/\/247stiri.ro\/index.php\/wp-json\/wp\/v2\/types\/post"}],"replies":[{"embeddable":true,"href":"https:\/\/247stiri.ro\/index.php\/wp-json\/wp\/v2\/comments?post=42760"}],"version-history":[{"count":0,"href":"https:\/\/247stiri.ro\/index.php\/wp-json\/wp\/v2\/posts\/42760\/revisions"}],"wp:featuredmedia":[{"embeddable":true,"href":"https:\/\/247stiri.ro\/index.php\/wp-json\/wp\/v2\/media\/42748"}],"wp:attachment":[{"href":"https:\/\/247stiri.ro\/index.php\/wp-json\/wp\/v2\/media?parent=42760"}],"wp:term":[{"taxonomy":"category","embeddable":true,"href":"https:\/\/247stiri.ro\/index.php\/wp-json\/wp\/v2\/categories?post=42760"},{"taxonomy":"post_tag","embeddable":true,"href":"https:\/\/247stiri.ro\/index.php\/wp-json\/wp\/v2\/tags?post=42760"}],"curies":[{"name":"wp","href":"https:\/\/api.w.org\/{rel}","templated":true}]}}