{"id":42761,"date":"2025-03-26T14:45:24","date_gmt":"2025-03-26T14:45:24","guid":{"rendered":"https:\/\/247stiri.ro\/index.php\/2025\/03\/26\/decizie-inedita-in-showbiz-irinel-columbeanu-pleaca-de-la-azil-unde-a-decis-sa-mearga-fostul-afacerist\/"},"modified":"2025-03-26T14:45:24","modified_gmt":"2025-03-26T14:45:24","slug":"decizie-inedita-in-showbiz-irinel-columbeanu-pleaca-de-la-azil-unde-a-decis-sa-mearga-fostul-afacerist","status":"publish","type":"post","link":"https:\/\/247stiri.ro\/index.php\/2025\/03\/26\/decizie-inedita-in-showbiz-irinel-columbeanu-pleaca-de-la-azil-unde-a-decis-sa-mearga-fostul-afacerist\/","title":{"rendered":"Decizie inedit\u0103 \u00een showbiz: Irinel Columbeanu pleac\u0103 de la azil. Unde a decis s\u0103 mearg\u0103 fostul afacerist?"},"content":{"rendered":"<p>Columbeanu \u00ee\u0219i face planuri de c\u0103l\u0103torie<\/p>\n<p>De\u0219i s-a adaptat vie\u021bii la azil, dorul de fiica sa l-a determinat s\u0103 \u00ee\u0219i doreasc\u0103 o re\u00eent\u00e2lnire c\u00e2t mai cur\u00e2nd. Medicii i-au dat und\u0103 verde pentru a c\u0103l\u0103tori, iar el \u0219i-a stabilit deja planul de plecare. Inten\u021bioneaz\u0103 s\u0103 petreac\u0103 \u00eentreaga var\u0103 al\u0103turi de Irina, \u00een America.<\/p>\n<p>\u201eVestea bun\u0103 este c\u0103 pot zbura din nou cu avionul. Am vorbit cu Irina \u0219i ne vom revedea \u00een cur\u00e2nd. De aceast\u0103 dat\u0103, voi avea grij\u0103 s\u0103 fie totul \u00een regul\u0103 cu documentele, s\u0103 nu mai am surprize\u201d, a declarat Columbeanu.<\/p>\n<p>O via\u021b\u0103 modest\u0103, dar cu optimism<\/p>\n<p><a href=\"https:\/\/www.realitatea.net\/stiri\/monden\/irina-columbeanu-surprinde-cu-o-transformare-fizica-radicala-fanii-au-ramas-muti-de-uimire-cand-au-vazut-cum-sa-pozat_67a1feb8a4d33b0c9b6ac872\" target=\"_blank\">Fostul so\u021b al Monic\u0103i Gabor<\/a> tr\u0103ie\u0219te acum cu aproximativ 300 de euro pe lun\u0103, sum\u0103 provenit\u0103 din pensie. \u00cen ciuda dificult\u0103\u021bilor financiare, reu\u0219e\u0219te s\u0103 se \u00eentre\u021bin\u0103, iar via\u021ba la azil i-a oferit stabilitate \u0219i \u00eengrijire medical\u0103 adecvat\u0103.<\/p>\n<p>Dup\u0103 ce a suferit trei accidente vasculare cerebrale, Columbeanu \u0219i-a revenit spectaculos. Directorul azilului, Ion Cassian, a declarat c\u0103 acesta se afl\u0103 \u00eentr-o stare fizic\u0103 \u0219i psihic\u0103 bun\u0103, are un tonus ridicat \u0219i o poft\u0103 de m\u00e2ncare mai bun\u0103, ba chiar a reu\u0219it s\u0103 se \u00eengra\u0219e c\u00e2teva kilograme \u00een timpul iernii.<\/p>\n<p>Ultima \u00eent\u00e2lnire dintre <a href=\"https:\/\/www.realitatea.net\/stiri\/monden\/mare-veselie-in-familia-monicai-gabor-fotomodelul-a-devenit-mama-pentru-a-doua-oara-cum-a-reactionat-irinel-columbeanu-la-aflarea-vestii_67852c6bd40f7f3995175ce2\" target=\"_blank\">Irinel Columbeanu<\/a> \u0219i fiica sa a avut loc anul trecut, c\u00e2nd Irina s-a \u00eentors \u00een Rom\u00e2nia pentru a-i fi al\u0103turi. Revederea a fost un moment emo\u021bionant, iar acum fostul milionar sper\u0103 ca timpul petrecut \u00een America s\u0103 fie unul de neuitat.<\/p>\n<p>Columbeanu prive\u0219te cu optimism spre viitor \u0219i este hot\u0103r\u00e2t s\u0103 profite de fiecare moment al\u0103turi de fiica sa.\u00a0<\/p>\n<p>\u00a0<\/p>","protected":false},"excerpt":{"rendered":"<p>Columbeanu \u00ee\u0219i face planuri de c\u0103l\u0103torie De\u0219i s-a adaptat vie\u021bii la azil, dorul de fiica&hellip;<\/p>\n","protected":false},"author":0,"featured_media":42762,"comment_status":"open","ping_status":"open","sticky":false,"template":"","format":"standard","meta":{"footnotes":""},"categories":[8],"tags":[],"class_list":["post-42761","post","type-post","status-publish","format-standard","has-post-thumbnail","hentry","category-lifestyle"],"_links":{"self":[{"href":"https:\/\/247stiri.ro\/index.php\/wp-json\/wp\/v2\/posts\/42761","targetHints":{"allow":["GET"]}}],"collection":[{"href":"https:\/\/247stiri.ro\/index.php\/wp-json\/wp\/v2\/posts"}],"about":[{"href":"https:\/\/247stiri.ro\/index.php\/wp-json\/wp\/v2\/types\/post"}],"replies":[{"embeddable":true,"href":"https:\/\/247stiri.ro\/index.php\/wp-json\/wp\/v2\/comments?post=42761"}],"version-history":[{"count":0,"href":"https:\/\/247stiri.ro\/index.php\/wp-json\/wp\/v2\/posts\/42761\/revisions"}],"wp:featuredmedia":[{"embeddable":true,"href":"https:\/\/247stiri.ro\/index.php\/wp-json\/wp\/v2\/media\/42762"}],"wp:attachment":[{"href":"https:\/\/247stiri.ro\/index.php\/wp-json\/wp\/v2\/media?parent=42761"}],"wp:term":[{"taxonomy":"category","embeddable":true,"href":"https:\/\/247stiri.ro\/index.php\/wp-json\/wp\/v2\/categories?post=42761"},{"taxonomy":"post_tag","embeddable":true,"href":"https:\/\/247stiri.ro\/index.php\/wp-json\/wp\/v2\/tags?post=42761"}],"curies":[{"name":"wp","href":"https:\/\/api.w.org\/{rel}","templated":true}]}}