{"id":42776,"date":"2025-03-26T14:45:31","date_gmt":"2025-03-26T14:45:31","guid":{"rendered":"https:\/\/247stiri.ro\/index.php\/2025\/03\/26\/valabilitatea-permiselor-de-conducere-auto-ar-putea-creste-de-cand-ar-urma-sa-se-modifice-perioada-de-valabilitate\/"},"modified":"2025-03-26T14:45:31","modified_gmt":"2025-03-26T14:45:31","slug":"valabilitatea-permiselor-de-conducere-auto-ar-putea-creste-de-cand-ar-urma-sa-se-modifice-perioada-de-valabilitate","status":"publish","type":"post","link":"https:\/\/247stiri.ro\/index.php\/2025\/03\/26\/valabilitatea-permiselor-de-conducere-auto-ar-putea-creste-de-cand-ar-urma-sa-se-modifice-perioada-de-valabilitate\/","title":{"rendered":"Valabilitatea permiselor de conducere auto ar putea cre\u015fte. De c\u00e2nd ar urma s\u0103 se modifice perioada de valabilitate"},"content":{"rendered":"<p>Valabilitatea permiselor de conducere ar putea cre\u015fte de la 10 la 15 ani pentru \u015foferii cu v\u00e2rsta \u00eentre 18 \u015fi 70 de ani \u0219i s\u0103 scad\u0103 pentru \u015foferii v\u00e2rstnici.<\/p>\n<p>Ini\u0163iatorii parlamentari de la toate forma\u0163iunile politice au motivat c\u0103 la nivelul Uniunii Europene sunt mai multe state \u00een care permisele de conducere sunt valabile 15 ani, printre care Germania, Fran\u0163a, Austria, Grecia sau Polonia. \u00cen Rom\u00e2nia ar beneficia de aceast\u0103 m\u0103sur\u0103 aproximativ 3 milioane de \u015foferi, potrivit <a href=\"https:\/\/www.romania-actualitati.ro\/stiri\/romania\/valabilitatea-permiselor-de-conducere-ar-putea-creste-de-la-10-la-15-ani-id208278.html\" target=\"_blank\">Rador.<\/a><\/p>\n<p>\u00cen acela\u015fi timp, ini\u0163iatorii propun ca valabilitatea permiselor de conducere s\u0103 fie redus\u0103 la cinci ani pentru \u015foferii de 70 de ani \u015fi peste aceast\u0103 v\u00e2rst\u0103.<\/p>\n<p><a href=\"https:\/\/www.realitatea.net\/stiri\/actual\/cand-se-introduce-in-ue-permisul-de-conducere-digital-ce-trebuie-sa-faca-soferii-romani_67e2ca12a75ee874d75da995#google_vignette\" target=\"_blank\">C\u00e2nd se introduce \u00een UE permisul de conducere digital. Ce trebuie s\u0103 fac\u0103 \u0219oferii rom\u00e2ni?<\/a><\/p>\n<p>De asemenea, persoanele care au permis de conducere \u015fi au \u00eemplinit 80 de ani vor fi nevoite s\u0103 re\u00eennoiasc\u0103 permisul auto odat\u0103 la doi ani. Reducerea perioadei de valabilitate a permiselor auto ale persoanelor v\u00e2rstnice va \u00eensemna \u015fi o sc\u0103dere a num\u0103rului de \u015foferi care conduc \u00een prezent vehicule pe drumurile publice, de\u015fi au boli care influen\u0163eaz\u0103 negativ condusul \u015fi pot produce accidente rutiere cu consecin\u0163e grave, se arat\u0103 \u00een expunerea de motive.<\/p>\n<p>Permisele de conducere eliberate pentru toate categoriile, anterior public\u0103rii legii, \u00ee\u015fi p\u0103streaz\u0103 valabilitatea \u00eenscris\u0103 pe acestea.<\/p>","protected":false},"excerpt":{"rendered":"<p>Valabilitatea permiselor de conducere ar putea cre\u015fte de la 10 la 15 ani pentru \u015foferii&hellip;<\/p>\n","protected":false},"author":0,"featured_media":42777,"comment_status":"open","ping_status":"open","sticky":false,"template":"","format":"standard","meta":{"footnotes":""},"categories":[2],"tags":[],"class_list":["post-42776","post","type-post","status-publish","format-standard","has-post-thumbnail","hentry","category-actual"],"_links":{"self":[{"href":"https:\/\/247stiri.ro\/index.php\/wp-json\/wp\/v2\/posts\/42776","targetHints":{"allow":["GET"]}}],"collection":[{"href":"https:\/\/247stiri.ro\/index.php\/wp-json\/wp\/v2\/posts"}],"about":[{"href":"https:\/\/247stiri.ro\/index.php\/wp-json\/wp\/v2\/types\/post"}],"replies":[{"embeddable":true,"href":"https:\/\/247stiri.ro\/index.php\/wp-json\/wp\/v2\/comments?post=42776"}],"version-history":[{"count":0,"href":"https:\/\/247stiri.ro\/index.php\/wp-json\/wp\/v2\/posts\/42776\/revisions"}],"wp:featuredmedia":[{"embeddable":true,"href":"https:\/\/247stiri.ro\/index.php\/wp-json\/wp\/v2\/media\/42777"}],"wp:attachment":[{"href":"https:\/\/247stiri.ro\/index.php\/wp-json\/wp\/v2\/media?parent=42776"}],"wp:term":[{"taxonomy":"category","embeddable":true,"href":"https:\/\/247stiri.ro\/index.php\/wp-json\/wp\/v2\/categories?post=42776"},{"taxonomy":"post_tag","embeddable":true,"href":"https:\/\/247stiri.ro\/index.php\/wp-json\/wp\/v2\/tags?post=42776"}],"curies":[{"name":"wp","href":"https:\/\/api.w.org\/{rel}","templated":true}]}}