{"id":42778,"date":"2025-03-26T14:45:31","date_gmt":"2025-03-26T14:45:31","guid":{"rendered":"https:\/\/247stiri.ro\/index.php\/2025\/03\/26\/inmatricularile-auto-au-pus-frana-in-luna-februarie-in-uniunea-europeana\/"},"modified":"2025-03-26T14:45:31","modified_gmt":"2025-03-26T14:45:31","slug":"inmatricularile-auto-au-pus-frana-in-luna-februarie-in-uniunea-europeana","status":"publish","type":"post","link":"https:\/\/247stiri.ro\/index.php\/2025\/03\/26\/inmatricularile-auto-au-pus-frana-in-luna-februarie-in-uniunea-europeana\/","title":{"rendered":"\u00cenmatricul\u0103rile auto au pus fr\u00e2n\u0103, \u00een luna februarie, \u00een Uniunea European\u0103"},"content":{"rendered":"<p>\u00cen primele dou\u0103 luni din 2025:<\/p>\n<p>\u2013 Au fost \u00eenmatriculate\u00a01.685.640\u00a0ma\u0219ini, \u00een\u00a0sc\u0103dere cu 3%\u00a0fa\u021b\u0103 de primele dou\u0103 luni din 2024. Din totalul autoturismelor \u00eenmatriculate \u0103n UE,\u00a0255.489\u00a0au fost\u00a0full electrice, iar\u00a0719.006\u00a0\u2013 cu\u00a0propulsie hibrid\u0103.<\/p>\n<p>\u2013 Au fost \u00eenregistrate cre\u0219teri ale \u00eenmatricul\u0103rilor de autoturisme noi comparativ cu perioada similar\u0103 din 2024 \u00een Spania (+8,4%), \u00een timp ce \u00een Fran\u021ba (-3,3%), Germania (-4,6%) si Italia (-6%), au fost \u00eenregistrate sc\u0103deri ale pie\u021bei.<\/p>\n<p>Conform sursei citate,\u00a0Rom\u00e2nia\u00a0se situeaz\u0103 pe pozi\u021bia\u00a013\u00a0\u00een UE, cu un volum de\u00a023.770 autoturisme noi\u00a0\u00eenmatriculate,\u00a0\u00eenregistr\u00e2nd o sc\u0103dere de -1,3%\u00a0comparativ cu perioada ianuarie-februarie 2024.<\/p>\n<p>\u00cen ceea ce prive\u0219te\u00a0constructorii de automobile, cele mai multe autoturisme noi \u00eenmatriculate \u00een total\u00a0Europa\u00a0sunt reprezentate de grupul\u00a0VW,\u00a0cu\u00a0525.346\u00a0unit\u0103\u021bi, \u00een cre\u0219tere cu\u00a04,3%, urmate de grupul\u00a0STELANTIS,\u00a0cu\u00a0310.091\u00a0unit\u0103\u021bi,\u00a0\u00een sc\u0103dere cu\u00a016,1%,\u00a0\u0219i\u00a0de\u00a0grupul Renault (din care\u00a0DACIA:\u00a096.532\u00a0unit\u0103\u021bi,\u00a0\u00een sc\u0103dere cu 2%\u00a0fa\u021b\u0103 de ianuarie-februarie 2024). Autoturismele marca\u00a0Ford\u00a0au reprezentat \u00een\u00a0ianuarie-februarie 2025\u00a0un num\u0103r de\u00a062.461\u00a0unit\u0103\u021bi noi \u00eenmatriculate, \u00een sc\u0103dere cu\u00a09,1%\u00a0fa\u021b\u0103 de ianuarie-februarie 2024.<\/p>","protected":false},"excerpt":{"rendered":"<p>\u00cen primele dou\u0103 luni din 2025: \u2013 Au fost \u00eenmatriculate\u00a01.685.640\u00a0ma\u0219ini, \u00een\u00a0sc\u0103dere cu 3%\u00a0fa\u021b\u0103 de primele&hellip;<\/p>\n","protected":false},"author":0,"featured_media":42768,"comment_status":"open","ping_status":"open","sticky":false,"template":"","format":"standard","meta":{"footnotes":""},"categories":[2],"tags":[],"class_list":["post-42778","post","type-post","status-publish","format-standard","has-post-thumbnail","hentry","category-actual"],"_links":{"self":[{"href":"https:\/\/247stiri.ro\/index.php\/wp-json\/wp\/v2\/posts\/42778","targetHints":{"allow":["GET"]}}],"collection":[{"href":"https:\/\/247stiri.ro\/index.php\/wp-json\/wp\/v2\/posts"}],"about":[{"href":"https:\/\/247stiri.ro\/index.php\/wp-json\/wp\/v2\/types\/post"}],"replies":[{"embeddable":true,"href":"https:\/\/247stiri.ro\/index.php\/wp-json\/wp\/v2\/comments?post=42778"}],"version-history":[{"count":0,"href":"https:\/\/247stiri.ro\/index.php\/wp-json\/wp\/v2\/posts\/42778\/revisions"}],"wp:featuredmedia":[{"embeddable":true,"href":"https:\/\/247stiri.ro\/index.php\/wp-json\/wp\/v2\/media\/42768"}],"wp:attachment":[{"href":"https:\/\/247stiri.ro\/index.php\/wp-json\/wp\/v2\/media?parent=42778"}],"wp:term":[{"taxonomy":"category","embeddable":true,"href":"https:\/\/247stiri.ro\/index.php\/wp-json\/wp\/v2\/categories?post=42778"},{"taxonomy":"post_tag","embeddable":true,"href":"https:\/\/247stiri.ro\/index.php\/wp-json\/wp\/v2\/tags?post=42778"}],"curies":[{"name":"wp","href":"https:\/\/api.w.org\/{rel}","templated":true}]}}