{"id":42790,"date":"2025-03-26T15:44:50","date_gmt":"2025-03-26T15:44:50","guid":{"rendered":"https:\/\/247stiri.ro\/index.php\/2025\/03\/26\/cate-zile-trebuie-sa-tinem-post-de-fapt-inainte-sa-ne-spovedim-sfatul-unui-cunoscut-preot\/"},"modified":"2025-03-26T15:44:50","modified_gmt":"2025-03-26T15:44:50","slug":"cate-zile-trebuie-sa-tinem-post-de-fapt-inainte-sa-ne-spovedim-sfatul-unui-cunoscut-preot","status":"publish","type":"post","link":"https:\/\/247stiri.ro\/index.php\/2025\/03\/26\/cate-zile-trebuie-sa-tinem-post-de-fapt-inainte-sa-ne-spovedim-sfatul-unui-cunoscut-preot\/","title":{"rendered":"C\u00e2te zile trebuie s\u0103 \u021binem POST, de fapt, \u00eenainte s\u0103 ne spovedim? Sfatul unui cunoscut preot"},"content":{"rendered":"<p>P\u0103rintele Constantin Necula sugereaz\u0103 c\u0103 momentul spovedaniei este direct legat de durata postuluiirii anterioare. ,,Dac\u0103 merge\u021bi \u00een a 40-a zi de post, 40 de zile. Dac\u0103 merge\u021bi \u00een prima zi, o zi de post \u0219i, \u00een urm\u0103toarele 39 de zile, continua\u021bi postul\u201d, scrie \u00een <a href=\"https:\/\/doxologia.ro\/cate-zile-de-post-trebuie-sa-tinem-inainte-de-merge-la-spovedanie\">Doxologia.<\/a><\/p>\n<p>Pr. Mihai M\u0103rgineanu din cadrul Parohiei \u201eToma Cozma\u201d a declarat pentru <a href=\"https:\/\/www.ziaruldeiasi.ro\/stiri\/cate-zile-postim-inainte-sa-ne-spovedim-sfaturile-preotului-mihai-margineanu-spovedania-e-ca-un-dialog-cu-antrenorul-inaintea-meciului--1737960.html\" target=\"_blank\">\u201eZiarul de Ia\u0219i\u201d<\/a> c\u0103 preg\u0103tirea pentru spovedanie implic\u0103 postirea, dar mai ales rug\u0103ciunea \u0219i introspec\u021bia personal\u0103.<\/p>\n<p>\u201eUnii cre\u0219tini percep Taina Spovedaniei ca pe momentul de dialog cu antrenorul \u00eenaintea meciului pe care urmeaz\u0103 s\u0103-l por\u021bi. Doar c\u0103 meciul se poart\u0103 cu tine \u00eensu\u021bi, nu se poart\u0103 cu un adversar sau cu un interlocutor extern. Meciul \u00eel purt\u0103m cu noi \u00een\u0219ine. Cei mai mul\u021bi dintre cre\u0219tini, din p\u0103cate, confund\u0103 Taina Spovedaniei \u0219i primirea Sfintei \u00cemp\u0103rt\u0103\u0219anii cu festivitatea de premiere. Nu suntem acolo\u201d, a men\u021bionat parohul.<\/p>\n<p>Astfel, acesta \u00eei sf\u0103tuie\u0219te pe cre\u0219tini s\u0103 se spovedeasc\u0103 la \u00eenceput de post, ca prin dialogul cu duhovnicul, primind \u00eendrum\u0103rile necesare, s\u0103 \u00ee\u0219i stabileasc\u0103 un program duhovnicesc de \u00eendreptare, profit\u00e2nd de perioada de post.<\/p>\n<p>,,Ori de aceea recomand cre\u0219tinilor s\u0103 se spovedeasc\u0103 la \u00eenceput de post, ca \u00een felul acesta, \u00een perioada postului, s-o foloseasc\u0103 spre \u00eendreptarea lor\u201d, a subliniat pr. Mihai M\u0103rgineanu.<\/p>","protected":false},"excerpt":{"rendered":"<p>P\u0103rintele Constantin Necula sugereaz\u0103 c\u0103 momentul spovedaniei este direct legat de durata postuluiirii anterioare. ,,Dac\u0103&hellip;<\/p>\n","protected":false},"author":0,"featured_media":42791,"comment_status":"open","ping_status":"open","sticky":false,"template":"","format":"standard","meta":{"footnotes":""},"categories":[8],"tags":[],"class_list":["post-42790","post","type-post","status-publish","format-standard","has-post-thumbnail","hentry","category-lifestyle"],"_links":{"self":[{"href":"https:\/\/247stiri.ro\/index.php\/wp-json\/wp\/v2\/posts\/42790","targetHints":{"allow":["GET"]}}],"collection":[{"href":"https:\/\/247stiri.ro\/index.php\/wp-json\/wp\/v2\/posts"}],"about":[{"href":"https:\/\/247stiri.ro\/index.php\/wp-json\/wp\/v2\/types\/post"}],"replies":[{"embeddable":true,"href":"https:\/\/247stiri.ro\/index.php\/wp-json\/wp\/v2\/comments?post=42790"}],"version-history":[{"count":0,"href":"https:\/\/247stiri.ro\/index.php\/wp-json\/wp\/v2\/posts\/42790\/revisions"}],"wp:featuredmedia":[{"embeddable":true,"href":"https:\/\/247stiri.ro\/index.php\/wp-json\/wp\/v2\/media\/42791"}],"wp:attachment":[{"href":"https:\/\/247stiri.ro\/index.php\/wp-json\/wp\/v2\/media?parent=42790"}],"wp:term":[{"taxonomy":"category","embeddable":true,"href":"https:\/\/247stiri.ro\/index.php\/wp-json\/wp\/v2\/categories?post=42790"},{"taxonomy":"post_tag","embeddable":true,"href":"https:\/\/247stiri.ro\/index.php\/wp-json\/wp\/v2\/tags?post=42790"}],"curies":[{"name":"wp","href":"https:\/\/api.w.org\/{rel}","templated":true}]}}