{"id":42801,"date":"2025-03-26T16:45:03","date_gmt":"2025-03-26T16:45:03","guid":{"rendered":"https:\/\/247stiri.ro\/index.php\/2025\/03\/26\/cum-a-fost-interzis-un-cantec-al-lui-mihai-constantinescu-de-teama-elenei-ceausescu-indragitul-artist-a-dezvaluit-reactia-absurda-a-cenzorilor\/"},"modified":"2025-03-26T16:45:03","modified_gmt":"2025-03-26T16:45:03","slug":"cum-a-fost-interzis-un-cantec-al-lui-mihai-constantinescu-de-teama-elenei-ceausescu-indragitul-artist-a-dezvaluit-reactia-absurda-a-cenzorilor","status":"publish","type":"post","link":"https:\/\/247stiri.ro\/index.php\/2025\/03\/26\/cum-a-fost-interzis-un-cantec-al-lui-mihai-constantinescu-de-teama-elenei-ceausescu-indragitul-artist-a-dezvaluit-reactia-absurda-a-cenzorilor\/","title":{"rendered":"Cum a fost INTERZIS un c\u00e2ntec al lui Mihai Constantinescu de teama Elenei Ceau\u0219escu. \u00cendr\u0103gitul artist a dezv\u0103luit reac\u021bia absurd\u0103 a cenzorilor"},"content":{"rendered":"<p>\u00centr-un interviu acordat cu c\u00e2\u021biva ani \u00eenainte de a muri, Mihai Constantinescu a vorbit despre cazul bizar al melodiei &#8222;Sus \u00een deal e-o cas\u0103&#8221;. Chiar dac\u0103 \u00een prezent pare un exemplu hilar, reac\u021bia institui\u021bilor comuniste denot\u0103 starea de suspiciune paranoic\u0103 la care ajunsese regimul lui Nicolae Ceau\u0219escu \u00een ultimii s\u0103i ani.<\/p>\n<p>&#8222;Melodia \u201eSus \u00een deal e-o cas\u0103\u201d, din 1986, a fost interzis\u0103 un an \u0219i jum\u0103tate. \u201eTovar\u0103\u0219e Constantinescu, c\u00e2nd ai scris textul \u0103sta, Sus \u00een deal e o cas\u0103 \u0219i acolo-i m\u00e2ndra mea, la cine te-ai referit? La tovar\u0103\u0219a Elena Ceau\u0219escu? Adic\u0103 sus \u00een deal, unde se construie\u0219te Casa Poporului, unde e tovar\u0103\u0219a?\u201d \u2013 m-au \u00eentrebat nervo\u0219i cei de la cenzur\u0103&#8221;, a relatat artistul, \u00eentr-un interviu acordat \u00een 2018 lui<\/p>\n<p><a href=\"https:\/\/romaniastats.wordpress.com\/2018\/12\/04\/interviu-cu-mihai-constantinescu-mai-intai-a-fost-iefs-ul\/\" target=\"_blank\"> R\u0103zvan Toma.<\/a><\/p>\n<p>Compozitorul a m\u0103rturisit c\u0103 pe moment a r\u0103mas blocat, pentru c\u0103 nu-\u0219i imaginase c\u0103 cineva ar putea face o astfel de asociere, preciz\u00e2nd c\u0103 nu avusese nici cel mai mic g\u00e2nd subversiv. &#8222;Scrisesem acel text despre o c\u0103su\u021b\u0103 \u00een care st\u0103tea o femeie singur\u0103, pe un deal de undeva din jude\u021bul Arge\u0219\u021a.<\/p>\n<p>Culmea este c\u0103 \u00een acela\u0219i ani cenzorii au descoperit o alt\u0103 &#8222;\u0219op\u00e2rl\u0103&#8221; \u00eentr-un alt c\u00e2ntec semnat de Mihai Constantinescu.<\/p>\n<p>&#8222;Am compus \u0219i \u201eM\u0103 \u00eentorc iar \u00een sat\u201d, tocmai c\u00e2nd ap\u0103ruse acea lege care spunea ceva de genul \u201eA\u021bi venit prea mul\u021bi \u00een Bucure\u0219ti, acum, duce\u021bi-v\u0103 \u00eenapoi, la \u021bar\u0103!\u201d. De aceea s-a interpretat c\u0103 \u0219i eu m\u0103 apucasem s\u0103 compun melodii cu tematic\u0103 politic\u0103&#8221;.<\/p>\n<p>Mihai Constantinescu a murit \u00een toamna anului 2019, la doar 73 de ani, \u00een urma unui \u0219ir de afec\u021biuni.<\/p>\n<p><a title=\"Ultimele aplauze pentru Mihai Constantinescu!\" href=\"https:\/\/www.realitatea.net\/stiri\/actual\/ultimele-aplauze-pentru-mihai-constantinescu_5dcc9285406af85273d83812\">Ultimele aplauze pentru Mihai Constantinescu!<\/a>\u00a0<a title=\"Sotia lui Mihai Constantinescu, mesaj tulburator dupa moartea artistului\" href=\"https:\/\/www.realitatea.net\/stiri\/actual\/so-ia-lui-mihai-constantinescu-mesaj-tulburator-dupa-moartea-artistului_5dcc9284406af85273d83792\">So\u021bia lui Mihai Constantinescu, mesaj tulbur\u0103tor dup\u0103 moartea artistului<\/a><\/p>\n<p>O situa\u021bie la fel de absurd\u0103, care scoate \u00een relief suspiciunea cenzorilor comuni\u0219ti, a relatat muzicianul Paul Prisada, liderul forma\u021biei Accent. Pentru c\u0103 el \u00eensu\u0219i avea probleme cu Securitatea, unul dintre cenzori a crezut c\u0103 titlul piesei &#8222;Oul dogmatic&#8221;, pe textul unei poezii semnate de Ion Barbu, ar sugera c\u0103 \u00een comer\u021b nu se g\u0103sesc ou\u0103 \u0219i i s-a cerut s\u0103-l schimbe.<\/p>","protected":false},"excerpt":{"rendered":"<p>\u00centr-un interviu acordat cu c\u00e2\u021biva ani \u00eenainte de a muri, Mihai Constantinescu a vorbit despre&hellip;<\/p>\n","protected":false},"author":0,"featured_media":42802,"comment_status":"open","ping_status":"open","sticky":false,"template":"","format":"standard","meta":{"footnotes":""},"categories":[8],"tags":[],"class_list":["post-42801","post","type-post","status-publish","format-standard","has-post-thumbnail","hentry","category-lifestyle"],"_links":{"self":[{"href":"https:\/\/247stiri.ro\/index.php\/wp-json\/wp\/v2\/posts\/42801","targetHints":{"allow":["GET"]}}],"collection":[{"href":"https:\/\/247stiri.ro\/index.php\/wp-json\/wp\/v2\/posts"}],"about":[{"href":"https:\/\/247stiri.ro\/index.php\/wp-json\/wp\/v2\/types\/post"}],"replies":[{"embeddable":true,"href":"https:\/\/247stiri.ro\/index.php\/wp-json\/wp\/v2\/comments?post=42801"}],"version-history":[{"count":0,"href":"https:\/\/247stiri.ro\/index.php\/wp-json\/wp\/v2\/posts\/42801\/revisions"}],"wp:featuredmedia":[{"embeddable":true,"href":"https:\/\/247stiri.ro\/index.php\/wp-json\/wp\/v2\/media\/42802"}],"wp:attachment":[{"href":"https:\/\/247stiri.ro\/index.php\/wp-json\/wp\/v2\/media?parent=42801"}],"wp:term":[{"taxonomy":"category","embeddable":true,"href":"https:\/\/247stiri.ro\/index.php\/wp-json\/wp\/v2\/categories?post=42801"},{"taxonomy":"post_tag","embeddable":true,"href":"https:\/\/247stiri.ro\/index.php\/wp-json\/wp\/v2\/tags?post=42801"}],"curies":[{"name":"wp","href":"https:\/\/api.w.org\/{rel}","templated":true}]}}